{"id":206769,"date":"2021-10-03T08:04:24","date_gmt":"2021-10-03T06:04:24","guid":{"rendered":"https:\/\/zjarr.tv\/?p=206769"},"modified":"2021-10-03T08:04:24","modified_gmt":"2021-10-03T06:04:24","slug":"ngjarja-tragjike-e-ciftit-ne-tirane-reagon-brace-tka-baba-cun-e-tka-mama-yll-eshte-nje-kulture-qe-duhet-zhbere-me-edukim","status":"publish","type":"post","link":"https:\/\/zjarr.tv\/sq\/ngjarja-tragjike-e-ciftit-ne-tirane-reagon-brace-tka-baba-cun-e-tka-mama-yll-eshte-nje-kulture-qe-duhet-zhbere-me-edukim\/","title":{"rendered":"Ngjarja tragjike e \u00e7iftit n\u00eb Tiran\u00eb, reagon Bra\u00e7e: T\u2019ka baba cun, e t\u2019ka mama yll \u00ebsht\u00eb nj\u00eb kultur\u00eb q\u00eb duhet zhb\u00ebr\u00eb me edukim"},"content":{"rendered":"<p>Ish-z\u00ebvend\u00ebskryeministri Erion Bra\u00e7e ka reaguar n\u00eb lidhje me ngjarjen e r\u00ebnd\u00eb q\u00eb u sh\u00ebnua dit\u00ebn e djeshme n\u00eb Tiran\u00eb, ku 26 -vje\u00e7ari Kliton Pira goditi 31-vje\u00e7aren Ja\u00ebsackie Jaboah nga Gana, n\u00eb banes\u00ebn e marr\u00eb me qira n\u00eb kryeqytet dhe m\u00eb pas u hodh nga kati i 8-t\u00eb duke i dh\u00ebn\u00eb fund jet\u00ebs.<\/p>\n<p>Bra\u00e7e n\u00eb nj\u00eb postim n\u00eb rrjetet sociale shkruan se krimet ndaj vajzave dhe grave po sfidojn\u00eb \u00e7do dit\u00eb. Ai thot\u00eb se fjal\u00ebt \u201ct\u2019ka baba \u00e7un, e t\u2019ka mama yll duhet t\u00eb zhb\u00ebhet e t\u00eb z\u00ebvend\u00ebsohen me fjal\u00ebn edukim dhe respekt.<\/p>\n<p>Postimi i plot\u00eb i Bra\u00e7es:<\/p>\n<p>NUK DI;<\/p>\n<p>KUJTOJA SE GJITHE URREJTJEN E KISHIM NDAJ VAJZAVE E GRAVE SHQIPTARE!<\/p>\n<p>Qenka edhe me rende!<\/p>\n<p>Tani ndaj cdo gruaje qe eshte ne kete vend!<\/p>\n<p>Si ka mundesi qe ne kete vend pasioni i ca burrave kthehet kaq shpejt e shpesh ne krim?<\/p>\n<p>Si ka mundesi?<\/p>\n<p>Krimet ndaj vajzave e grave, nenave, po sfidojne cdo dite n\u00eb nje permase e lloj qe shastis por kerkush nuk shkon me shume se habia!!<\/p>\n<p>T\u2019ka baba cun, e t\u2019ka mama yll-eshte nje kulture qe duhet zhbere me edukim, edukim, edukim, bararazi, respekt!<\/p>\n","protected":false},"excerpt":{"rendered":"<p>Ish-z\u00ebvend\u00ebskryeministri Erion Bra\u00e7e ka reaguar n\u00eb lidhje me ngjarjen e r\u00ebnd\u00eb q\u00eb u sh\u00ebnua dit\u00ebn e djeshme n\u00eb Tiran\u00eb, ku 26 -vje\u00e7ari Kliton Pira goditi 31-vje\u00e7aren Ja\u00ebsackie Jaboah nga Gana, n\u00eb banes\u00ebn e marr\u00eb me qira n\u00eb kryeqytet dhe m\u00eb pas u hodh nga kati i 8-t\u00eb duke i dh\u00ebn\u00eb fund jet\u00ebs. Bra\u00e7e n\u00eb nj\u00eb [&hellip;]<\/p>\n","protected":false},"author":2031,"featured_media":206770,"comment_status":"closed","ping_status":"closed","sticky":false,"template":"","format":"standard","meta":{"footnotes":""},"categories":[231],"tags":[],"class_list":{"0":"post-206769","1":"post","2":"type-post","3":"status-publish","4":"format-standard","5":"has-post-thumbnail","7":"category-lajme"},"_links":{"self":[{"href":"https:\/\/zjarr.tv\/sq\/wp-json\/wp\/v2\/posts\/206769","targetHints":{"allow":["GET"]}}],"collection":[{"href":"https:\/\/zjarr.tv\/sq\/wp-json\/wp\/v2\/posts"}],"about":[{"href":"https:\/\/zjarr.tv\/sq\/wp-json\/wp\/v2\/types\/post"}],"author":[{"embeddable":true,"href":"https:\/\/zjarr.tv\/sq\/wp-json\/wp\/v2\/users\/2031"}],"replies":[{"embeddable":true,"href":"https:\/\/zjarr.tv\/sq\/wp-json\/wp\/v2\/comments?post=206769"}],"version-history":[{"count":0,"href":"https:\/\/zjarr.tv\/sq\/wp-json\/wp\/v2\/posts\/206769\/revisions"}],"wp:featuredmedia":[{"embeddable":true,"href":"https:\/\/zjarr.tv\/sq\/wp-json\/wp\/v2\/media\/206770"}],"wp:attachment":[{"href":"https:\/\/zjarr.tv\/sq\/wp-json\/wp\/v2\/media?parent=206769"}],"wp:term":[{"taxonomy":"category","embeddable":true,"href":"https:\/\/zjarr.tv\/sq\/wp-json\/wp\/v2\/categories?post=206769"},{"taxonomy":"post_tag","embeddable":true,"href":"https:\/\/zjarr.tv\/sq\/wp-json\/wp\/v2\/tags?post=206769"}],"curies":[{"name":"wp","href":"https:\/\/api.w.org\/{rel}","templated":true}]}}