{"id":206775,"date":"2021-10-03T08:15:23","date_gmt":"2021-10-03T06:15:23","guid":{"rendered":"https:\/\/zjarr.tv\/?p=206775"},"modified":"2021-10-03T08:15:23","modified_gmt":"2021-10-03T06:15:23","slug":"sistemi-gjyqesor-eshte-ne-kolaps-petrit-vasili-per-reformen-ne-drejtesi-nje-gjyqtar-qe-ka-pasur-200-dosje-tani-ka-2000-te-tilla-jane-shkelur-te-gjitha-afatet-e-saj","status":"publish","type":"post","link":"https:\/\/zjarr.tv\/sq\/sistemi-gjyqesor-eshte-ne-kolaps-petrit-vasili-per-reformen-ne-drejtesi-nje-gjyqtar-qe-ka-pasur-200-dosje-tani-ka-2000-te-tilla-jane-shkelur-te-gjitha-afatet-e-saj\/","title":{"rendered":"\u201cSistemi gjyq\u00ebsor \u00ebsht\u00eb n\u00eb kolaps\u201d, Petrit Vasili p\u00ebr reform\u00ebn n\u00eb drejt\u00ebsi: Nj\u00eb gjyqtar q\u00eb ka pasur 200 dosje, tani ka 2000 t\u00eb tilla, jan\u00eb shkelur t\u00eb gjitha afatet e saj"},"content":{"rendered":"<p>N\u00ebnkryetari i LSI Petrit Vasili i ftuar n\u00eb studion e Fax News foli mbi reform\u00ebn n\u00eb drejt\u00ebsi dhe ligjin p\u00ebr pushtetin lokal i cili sipas tij duhet shfuqizuar pasi \u00ebsht\u00eb forma m\u00eb e thjesht\u00eb e grabitjes s\u00eb pron\u00ebs publike nga mazhoranca.<\/p>\n<p>Vasili theksoi se reforma n\u00eb drejt\u00ebsi edhe pse n\u00eb vitin e 6-t\u00eb t\u00eb saj nuk \u00ebsht\u00eb zbatuar sic duhet pasi pikate hartuara nga ekspert\u00ebt e lart\u00eb thjesht jan\u00eb votuar dhe krimi sot \u00ebsht\u00eb n\u00eb pikun e vet dhe i gjith\u00eb sistemi gjyq\u00ebsor \u00ebsht\u00eb n\u00eb kolaps total.<\/p>\n<p>\u201cP\u00ebr ta kuptuar t\u00eb gjith\u00eb qytetar\u00ebt, n\u00eb ligjin p\u00ebr pushtetin lokal \u00ebsht\u00eb vendosur q\u00eb vendime t\u00eb m\u00ebdha, p\u00ebr pronate m\u00ebdha publike dhe probleme t\u00eb tjera t\u00eb k\u00ebtij karakteri, votimi n\u00eb K\u00ebshillin Bashkiak \u00ebsht\u00eb p\u00ebrcaktuar si i cil\u00ebsuar, pra me 2 t\u00eb tretat. K\u00ebrkon nj\u00eb mazhoranc\u00eb t\u00eb madhe p\u00ebr t\u00eb pasur votim t\u00eb gjer\u00eb, p\u00ebr interesin publik n\u00eb m\u00ebnyr\u00eb q\u00eb t\u00eb shmanget klientelizmi dhe korrupsioni.<\/p>\n<p>Rilindja e kan\u00eb hequr k\u00ebt\u00eb 2 t\u00eb tretat, japin koncesione si t\u00eb duan sepse duan t\u2019i shp\u00ebrdorojn\u00eb. Kjo gj\u00eb u p\u00ebrdor p\u00ebr teatrin dhe kemi k\u00ebrkuar t\u00eb rrim\u00eb me raportin q\u00eb i p\u00ebrgjigjet ligji. K\u00ebta synuan ta heqin k\u00ebt\u00eb kufizim dhe t\u00eb grabisin sa m\u00eb leht\u00eb.<\/p>\n<p>E gjitha kjo \u00ebsht\u00eb n\u00eb interes t\u00eb qytetar\u00ebve pasi p\u00ebrndryshe do shitet i gjith\u00eb qyteti. Nuk besoj q\u00eb ka nj\u00eb qytetar q\u00eb \u00ebsht\u00eb i lumtur q\u00eb kushtetar\u00ebt, kryetari i Bashkis\u00eb ta kthej\u00eb qyetetin n\u00eb pron\u00eb t\u00eb tij.<\/p>\n<p>Sistemi ku jetojm\u00eb, mekanizmat i di, dhe n\u00eb parlament ka plot votime q\u00eb jne me 2\/3.<\/p>\n<p>Ne kemi k\u00ebrkuar q\u00eb qytetar\u00ebt dhe interesat e tyre t\u00eb jen\u00eb m\u00eb t\u00eb mbrojtura. Ne si forc\u00eb politike, nuk kemi vet\u00ebm k\u00ebt\u00eb iniciativ\u00eb, pasi po rr\u00ebmbehen pronat dhe ky ligj duhet shfuqizuar. Jam i bidnur q\u00eb gjykata Kushtetuese do marr\u00eb vendimin e duhur, \u00ebsht\u00eb nj\u00eb shuplak\u00eb e madhe p\u00ebr k\u00ebt\u00eb mazhoranc\u00eb q\u00eb ligjin q\u00eb ka miratuar po vet\u00eb, n\u00eb t\u00eb cilin u l\u00ebvdua n\u00eb 2015 e shfuqizon po vet\u00eb.<\/p>\n<p>Reforma n\u00eb drejt\u00ebsi, n\u00eb vitin e 6 t\u00eb saj.<\/p>\n<p>Ajo ka vet\u00ebm nj\u00eb armik, kryeministri dhe mazhoranca pasi p\u00ebr ta ose e sabotojn\u00eb q\u00eb t\u00eb zbatohet sic duan. Jo n\u00eb pak raste, kam sqaruar si \u00ebsht\u00eb miratuar kjo reform\u00eb dhe si po zbatohet. 3 elemente nisi si nj\u00eb moment politik p\u00ebr nj\u00eb drejt\u00ebsi m\u00eb t\u00eb mir\u00eb, pa influenca politike, me analiz\u00eb t\u00eb detajuar dhe mbi pikat e saj do b\u00ebhej ndryshimi. Hartimi i pikave iu la ekspert\u00ebve t\u00eb pavarur, parlamentit iu la roli certefikues.<\/p>\n<p>Tani p\u00ebrvecse po bllokohet q\u00ebllimisht si reform\u00eb, dhe sot jemi akoma me Gjykat\u00eb Kushtetuese t\u00eb paplot\u00ebsuar. T\u00eb gjitha afatet e saj jan\u00eb shkelur dhe pa pik\u00eb p\u00ebrgjegj\u00ebsie, 10 ligjet e saj u votuan nga ky parlament pala\u00e7o dhe ik\u00ebn.<\/p>\n<p>Qeveria e mer n\u00eb dor\u00eb dhe b\u00ebn si do, pra kjo \u00ebsht\u00eb situata faktike, n\u00eb rrafshin konkret cfar\u00eb ndodh?<\/p>\n<p>Nj\u00eb gjyqtar q\u00eb ka pasur 200 dosje, tani ka 2000 dosje, fatet e mij\u00ebra njer\u00ebzve nuk dihen, prokuroria \u00ebsht\u00eb n\u00eb m\u00ebshir\u00eb t\u00eb fatit, nd\u00ebrkoh\u00eb q\u00eb krimi \u00ebsht\u00eb n\u00eb pikun e vet. Gjykatat e Apelit jan\u00eb n\u00ebn gjysm\u00ebn e tyre dhe ka nj\u00eb kriz\u00eb t\u00eb madhe.<\/p>\n<p>Po ashtu n\u00eb Gjykat\u00ebn Administrative dhe i gjith\u00eb sistemi gjyq\u00ebsor \u00ebsht\u00eb n\u00eb kolaps.<\/p>\n<p>Si do z\u00ebvend\u00ebsohen k\u00ebta q\u00eb u ndoq\u00ebn penalisht, drejt\u00ebsia e re duhet t\u00eb ket\u00eb gjykime t\u00eb sakta dhe t\u00eb parr\u00ebzueshme. Kemi banalietete me drejtuesit e sistemit t\u00eb drejt\u00ebsis\u00eb, jan\u00eb qesharak\u00eb dhe pohojn\u00eb q\u00eb nuk kan\u00eb marr\u00eb as fonde minimale. K\u00ebta u shqyen p\u00ebr nje vend pune.<\/p>\n<p>Ku jemi n\u00eb raport me reform\u00ebn?<br \/>\nVetingu jo nga opozita, por organizmat joqeveritare \u00ebsht\u00eb goditur fort. Kemi par\u00eb gjyqtar\u00eb q\u00eb kan\u00eb ikur p\u00ebr 1 milion\u00eb lek\u00eb t\u00eb vjetra, apo ai tjetri me 100 e ca milion\u00eb t\u00eb pajustifikuara dhe nuk u mor asnj\u00eb mas\u00eb.<\/p>\n<p>Kontrolli i pasurive dhe integriteti i figur\u00ebs ishte nd\u00ebr shtyllat kryesore t\u00eb vetingut\u201d-u shpreh Vasili.<\/p>\n","protected":false},"excerpt":{"rendered":"<p>N\u00ebnkryetari i LSI Petrit Vasili i ftuar n\u00eb studion e Fax News foli mbi reform\u00ebn n\u00eb drejt\u00ebsi dhe ligjin p\u00ebr pushtetin lokal i cili sipas tij duhet shfuqizuar pasi \u00ebsht\u00eb forma m\u00eb e thjesht\u00eb e grabitjes s\u00eb pron\u00ebs publike nga mazhoranca. Vasili theksoi se reforma n\u00eb drejt\u00ebsi edhe pse n\u00eb vitin e 6-t\u00eb t\u00eb saj [&hellip;]<\/p>\n","protected":false},"author":2031,"featured_media":157470,"comment_status":"closed","ping_status":"closed","sticky":false,"template":"","format":"standard","meta":{"footnotes":""},"categories":[231],"tags":[],"class_list":{"0":"post-206775","1":"post","2":"type-post","3":"status-publish","4":"format-standard","5":"has-post-thumbnail","7":"category-lajme"},"_links":{"self":[{"href":"https:\/\/zjarr.tv\/sq\/wp-json\/wp\/v2\/posts\/206775","targetHints":{"allow":["GET"]}}],"collection":[{"href":"https:\/\/zjarr.tv\/sq\/wp-json\/wp\/v2\/posts"}],"about":[{"href":"https:\/\/zjarr.tv\/sq\/wp-json\/wp\/v2\/types\/post"}],"author":[{"embeddable":true,"href":"https:\/\/zjarr.tv\/sq\/wp-json\/wp\/v2\/users\/2031"}],"replies":[{"embeddable":true,"href":"https:\/\/zjarr.tv\/sq\/wp-json\/wp\/v2\/comments?post=206775"}],"version-history":[{"count":0,"href":"https:\/\/zjarr.tv\/sq\/wp-json\/wp\/v2\/posts\/206775\/revisions"}],"wp:featuredmedia":[{"embeddable":true,"href":"https:\/\/zjarr.tv\/sq\/wp-json\/wp\/v2\/media\/157470"}],"wp:attachment":[{"href":"https:\/\/zjarr.tv\/sq\/wp-json\/wp\/v2\/media?parent=206775"}],"wp:term":[{"taxonomy":"category","embeddable":true,"href":"https:\/\/zjarr.tv\/sq\/wp-json\/wp\/v2\/categories?post=206775"},{"taxonomy":"post_tag","embeddable":true,"href":"https:\/\/zjarr.tv\/sq\/wp-json\/wp\/v2\/tags?post=206775"}],"curies":[{"name":"wp","href":"https:\/\/api.w.org\/{rel}","templated":true}]}}