{"id":206931,"date":"2021-10-04T10:43:06","date_gmt":"2021-10-04T08:43:06","guid":{"rendered":"https:\/\/zjarr.tv\/?p=206931"},"modified":"2021-10-04T10:43:06","modified_gmt":"2021-10-04T08:43:06","slug":"krijimi-i-agjencise-per-median-dhe-informimin-6-shoqata-kerkojne-ndihme-nga-be-po-mbyllen-dyert-e-gazetareve-investigative-dhe-kritike","status":"publish","type":"post","link":"https:\/\/zjarr.tv\/sq\/krijimi-i-agjencise-per-median-dhe-informimin-6-shoqata-kerkojne-ndihme-nga-be-po-mbyllen-dyert-e-gazetareve-investigative-dhe-kritike\/","title":{"rendered":"Krijimi i Agjencis\u00eb p\u00ebr Median dhe Informimin\/ 6 shoqata k\u00ebrkojn\u00eb ndihm\u00eb nga BE: Po mbyllen dyert e gazetar\u00ebve investigativ\u00eb dhe kritik\u00eb"},"content":{"rendered":"<p>Gjasht\u00eb shoqata gazetareske t\u00eb Ballkanit Per\u00ebndimor, q\u00eb p\u00ebrfaq\u00ebsojn\u00eb m\u00eb shum\u00eb se 8200 gazetar\u00eb, i kan\u00eb shkruar Komisionerit t\u00eb BE -s\u00eb p\u00ebr Fqinj\u00ebsin\u00eb dhe Zgjerimin Oliver Varhelyi, Federat\u00ebs Evropiane t\u00eb Gazetar\u00ebve dhe Unionit Evropian t\u00eb Transmetuesve, n\u00eb lidhje me situat\u00ebn aktuale t\u00eb liris\u00eb s\u00eb medias n\u00eb Shqip\u00ebri. N\u00ebn ombrell\u00ebn e Rrjetit SafeJournalist, ata ngrit\u00ebn dy \u00e7\u00ebshtje kryesore dhe k\u00ebrkuan reagime, mb\u00ebshtetje dhe ndihm\u00eb n\u00eb ruajtjen e liris\u00eb s\u00eb shprehjes dhe liris\u00eb s\u00eb medias, sipas kritereve t\u00eb Kopenhagenit, pjes\u00eb p\u00ebrb\u00ebr\u00ebse t\u00eb kritereve t\u00eb pranimit t\u00eb vendit n\u00eb BE.<\/p>\n<p>\u201cShqip\u00ebria duhet t\u00eb siguroj\u00eb q\u00eb standardet evropiane t\u00eb liris\u00eb s\u00eb shprehjes dhe medias t\u00eb respektohen\u201d, thuhet n\u00eb letr\u00ebn e n\u00ebnshkruar nga Shoqata e Gazetar\u00ebve BH, Sindikata e Mediave t\u00eb Malit t\u00eb Zi, Shoqata e Gazetar\u00ebve Kroat\u00eb, Shoqata e Gazetar\u00ebve t\u00eb Kosov\u00ebs, Shoqata e Gazetar\u00ebve t\u00eb Maqedonis\u00eb , dhe Shoqata e Pavarur e Gazetar\u00ebve t\u00eb Serbis\u00eb. Shqet\u00ebsimi i par\u00eb lidhej me zgjedhjen e vonuar t\u00eb Drejtorit t\u00eb P\u00ebrgjithsh\u00ebm t\u00eb Transmetuesit Publik, (Radio Televizioni Shqiptar- RTSH) p\u00ebr mbi shtat\u00eb muaj. \u201cNe shprehim shqet\u00ebsimin ton\u00eb se nuk ka nj\u00eb justifikim thelb\u00ebsor p\u00ebr vones\u00ebn n\u00eb zgjedhjen e nj\u00eb Drejtori t\u00eb P\u00ebrgjithsh\u00ebm t\u00eb ri, roli i t\u00eb cilit \u00ebsht\u00eb vendimtar p\u00ebr performanc\u00ebn e RTSH si media e vetme e sh\u00ebrbimit publik n\u00eb Shqip\u00ebri,\u201d thuhej n\u00eb let\u00ebr.<\/p>\n<p>Organizatat ngrit\u00ebn shqet\u00ebsime lidhur me propozimet e drejtorit kalimtar p\u00ebr t\u00eb ndryshuar struktur\u00ebn organizative p\u00ebrtej mandatit t\u00eb tij. Kjo, than\u00eb ata, mund t\u00eb \u00e7oj\u00eb n\u00eb abuzim t\u00eb mundsh\u00ebm t\u00eb pushtetit, i cili \u201cmund t\u00eb ndikoj\u00eb n\u00eb lirin\u00eb e p\u00ebrgjithshme t\u00eb mediave n\u00eb Shqip\u00ebri\u201d. \u00c7\u00ebshtja e dyt\u00eb e ngritur \u00ebsht\u00eb krijimi i nj\u00eb Agjencie t\u00eb re p\u00ebr Media dhe Informacion Media q\u00eb do t\u00eb centralizoj\u00eb t\u00eb gjith\u00eb komunikimin qeveritar, do t\u00eb monitoroj\u00eb mediat dhe opinionin publik dhe do t\u00eb udh\u00ebhiqet nga z\u00ebdh\u00ebn\u00ebsi i kryeministrit Edi Rama. N\u00eb let\u00ebr, Gazetar\u00ebt e Sigurt shpreh\u00ebn shqet\u00ebsime se kjo do t\u00eb mbyll\u00eb der\u00ebn p\u00ebr gazetar\u00ebt, ve\u00e7an\u00ebrisht ata investigativ\u00eb ose kritik\u00eb, duke penguar m\u00eb tej lirin\u00eb e medias.<\/p>\n<p>K\u00ebto \u00e7\u00ebshtje jan\u00eb ngritur n\u00eb kontekstin e nj\u00eb legjislacioni q\u00eb \u00ebsht\u00eb aktualisht n\u00eb pritje n\u00eb parlament. \u201cPaketa kund\u00ebr shpifjes\u201d, \u00ebsht\u00eb nj\u00eb grup dispozitash q\u00eb do t\u2019i fusin t\u00eb gjitha mediat online n\u00ebn mbikqyrjen e drejtp\u00ebrdrejt\u00eb t\u00eb Autoritetit t\u00eb Mediave Audiovizive t\u00eb caktuar nga qeveria. Nj\u00ebsia ekonomike do t\u00eb ket\u00eb fuqin\u00eb t\u00eb vendos\u00eb gjoba t\u00eb konsiderueshme, t\u00eb urdh\u00ebroj\u00eb t\u00ebrheqje dhe t\u00eb zbatoj\u00eb pop -up kund\u00ebr \u00e7do media q\u00eb konsideron se ka shkelur rregullat mbi lajmet e rreme dhe shpifjet. Parlamenti shqiptar koh\u00ebt e fundit em\u00ebroi ish-shefin e komunikimit t\u00eb Ram\u00ebs p\u00ebr t\u00eb mbik\u00ebqyrur bordin, pavar\u00ebsisht thirrjeve nga delegacioni i BE-s\u00eb n\u00eb Tiran\u00eb dhe organizatat e medias p\u00ebr t\u00eb siguruar q\u00eb nj\u00ebsia t\u00eb mbetet e pavarur.<\/p>\n<p>\u201cPaketa kund\u00ebr shpifjes\u201d u votua nga parlamenti dhe m\u00eb pas vuri veton nga Presidenti i vendit Ilir Meta. Tani p\u00ebrs\u00ebri n\u00eb parlament, k\u00ebrkon nj\u00eb shumic\u00eb t\u00eb thjesht\u00eb votash p\u00ebr t\u2019u b\u00ebr\u00eb ligj.<\/p>\n<p>&nbsp;<\/p>\n","protected":false},"excerpt":{"rendered":"<p>Gjasht\u00eb shoqata gazetareske t\u00eb Ballkanit Per\u00ebndimor, q\u00eb p\u00ebrfaq\u00ebsojn\u00eb m\u00eb shum\u00eb se 8200 gazetar\u00eb, i kan\u00eb shkruar Komisionerit t\u00eb BE -s\u00eb p\u00ebr Fqinj\u00ebsin\u00eb dhe Zgjerimin Oliver Varhelyi, Federat\u00ebs Evropiane t\u00eb Gazetar\u00ebve dhe Unionit Evropian t\u00eb Transmetuesve, n\u00eb lidhje me situat\u00ebn aktuale t\u00eb liris\u00eb s\u00eb medias n\u00eb Shqip\u00ebri. N\u00ebn ombrell\u00ebn e Rrjetit SafeJournalist, ata ngrit\u00ebn dy \u00e7\u00ebshtje [&hellip;]<\/p>\n","protected":false},"author":2016,"featured_media":122546,"comment_status":"closed","ping_status":"closed","sticky":false,"template":"","format":"standard","meta":{"footnotes":""},"categories":[241],"tags":[],"class_list":{"0":"post-206931","1":"post","2":"type-post","3":"status-publish","4":"format-standard","5":"has-post-thumbnail","7":"category-aktualitet"},"_links":{"self":[{"href":"https:\/\/zjarr.tv\/sq\/wp-json\/wp\/v2\/posts\/206931","targetHints":{"allow":["GET"]}}],"collection":[{"href":"https:\/\/zjarr.tv\/sq\/wp-json\/wp\/v2\/posts"}],"about":[{"href":"https:\/\/zjarr.tv\/sq\/wp-json\/wp\/v2\/types\/post"}],"author":[{"embeddable":true,"href":"https:\/\/zjarr.tv\/sq\/wp-json\/wp\/v2\/users\/2016"}],"replies":[{"embeddable":true,"href":"https:\/\/zjarr.tv\/sq\/wp-json\/wp\/v2\/comments?post=206931"}],"version-history":[{"count":0,"href":"https:\/\/zjarr.tv\/sq\/wp-json\/wp\/v2\/posts\/206931\/revisions"}],"wp:featuredmedia":[{"embeddable":true,"href":"https:\/\/zjarr.tv\/sq\/wp-json\/wp\/v2\/media\/122546"}],"wp:attachment":[{"href":"https:\/\/zjarr.tv\/sq\/wp-json\/wp\/v2\/media?parent=206931"}],"wp:term":[{"taxonomy":"category","embeddable":true,"href":"https:\/\/zjarr.tv\/sq\/wp-json\/wp\/v2\/categories?post=206931"},{"taxonomy":"post_tag","embeddable":true,"href":"https:\/\/zjarr.tv\/sq\/wp-json\/wp\/v2\/tags?post=206931"}],"curies":[{"name":"wp","href":"https:\/\/api.w.org\/{rel}","templated":true}]}}