{"id":207610,"date":"2021-10-06T16:09:46","date_gmt":"2021-10-06T14:09:46","guid":{"rendered":"https:\/\/zjarr.tv\/?p=207610"},"modified":"2021-10-06T16:09:46","modified_gmt":"2021-10-06T14:09:46","slug":"sot-kemi-nje-be-me-te-dobet-flet-eksperti-gledis-gjepali-situata-pesimiste-per-integrimin-e-shqiperise-nuk-ndryshon","status":"publish","type":"post","link":"https:\/\/zjarr.tv\/sq\/sot-kemi-nje-be-me-te-dobet-flet-eksperti-gledis-gjepali-situata-pesimiste-per-integrimin-e-shqiperise-nuk-ndryshon\/","title":{"rendered":"\u201cSot kemi nj\u00eb BE m\u00eb t\u00eb dob\u00ebt\u201d, flet eksperti Gledis Gjepali: Situata pesimiste p\u00ebr integrimin e Shqip\u00ebris\u00eb nuk ndryshon"},"content":{"rendered":"<p>Eksperti Gledis Gjepali ka zhvilluar nj\u00eb intervist\u00eb dit\u00ebn e sotme p\u00ebr Fax News, ku ka folur p\u00ebr mbajtjen e Samitit n\u00eb Slloveni mes BE-s\u00eb dhe vendeve t\u00eb Ballkanit Per\u00ebndimor.<\/p>\n<p>Sipas ekspertit Gjepali, pritshm\u00ebrit\u00eb jan\u00eb shum\u00eb t\u00eb vog\u00ebla nga ky Samit q\u00eb t\u00eb ket\u00eb nj\u00eb ndryshim sa i takon integrimti t\u00eb Shqip\u00ebris\u00eb, por sipas tij ky Samit duhet vler\u00ebsuar p\u00ebr r\u00ebnd\u00ebsin\u00eb n\u00eb aspektin ekonomik.<\/p>\n<p>\u201cSamiti ka pritshm\u00ebri t\u00eb ul\u00ebta sa i takon zhbllokimit t\u00eb situat\u00ebs mes Maqedonis\u00eb dhe Greqis\u00eb, q\u00eb na prek dhe ne. Ka prtishm\u00ebri sa i takon paket\u00ebs financiare q\u00eb BE po jep p\u00ebr BP p\u00ebr rind\u00ebrtimin pas pandemis\u00eb. P\u00ebr kete arsye nga ana ekonomike do t\u00eb thosha \u00ebsht\u00eb i r\u00ebnd\u00ebsish\u00ebm ky samit\u201d, tha ai.<\/p>\n<p>I pyetur p\u00ebr skepticizmin e Ram\u00ebs, eksperti Gledis Gjepali deklaroi se situata p\u00ebr Shqip\u00ebrin\u00eb \u00ebsht\u00eb pesimiste dhe v\u00ebshtir\u00eb se do t\u00eb ndryshoj\u00eb.<\/p>\n<p>\u201cSinjalet nuk jan\u00eb pozitive t\u00eb pakt\u00ebn 6 muajt e fundit ku vetoja Bullgare vazhdon t\u00eb q\u00ebndroj\u00eb. Alternativa tjet\u00ebr \u00ebsht\u00eb q\u00eb Shqip\u00ebria t\u00eb shk\u00ebputet nga maqedonia, por \u00ebsht\u00eb m\u00eb pak e mundur p\u00ebr shkak t\u00eb impaktit q\u00eb do t\u00eb shkaktonte n\u00eb politik\u00ebn maqedonase. Situata \u00ebsht\u00eb pesimiste, nuk duket t\u00eb ket\u00eb zhvillim optimist q\u00eb pritet t\u00eb ndryshoj\u00eb situat\u00ebn. Kemi nj\u00eb BE m\u00eb t\u00eb dob\u00ebt, prandaj dhe kemi nj\u00eb proces ngecjeje p\u00ebr integrimin e rajonit t\u00eb Ballkanit\u201d, u shpreh ai.<\/p>\n<p>Ai preku dhe \u00e7\u00ebshtjen e p\u00ebrplasjes p\u00ebr targat mes Kosov\u00ebs dhe Serbis\u00eb, duke u shprehur se vet\u00ebm zgjidhjet e p\u00ebrhershme i japin fund k\u00ebtyre problemeve.<\/p>\n<p>\u201cSamiti i sot\u00ebm \u00ebsht\u00eb m\u00eb i gj\u00ebr\u00eb. Gjithsesi duhet b\u00ebr\u00eb e qart\u00eb q\u00eb cdo proces integrimi duhet b\u00ebr\u00eb me p\u00ebrputhje me BE-n\u00eb. \u00cbsht\u00eb e r\u00ebnd\u00ebsishme t\u00eb jet\u00eb n\u00eb nj\u00eb linj\u00eb me procesin e integrimit. N\u00eb rast se procese t\u00eb tilla ecin me shinat e BE. <\/p>\n<p>Shoh v\u00ebshtir\u00ebsi n\u00eb zhbollikimin e dialogut Kosov\u00eb-Serbi. T\u00eb dy vendet e kan\u00eb t\u00eb qart\u00eb q\u00eb nuk mund t\u00eb ken\u00eb proces an\u00ebtar\u00ebsimi pa gjetur gjuh\u00ebn e p\u00ebrbashk\u00ebt mes tyre. BE e ka kuptuar q\u00eb duhet t\u00eb jet\u00eb m\u00eb aktive p\u00ebr shuarjen e konflikteve, pasi mund t\u00eb zgjohebn n\u00ebse nuk zgjidhen p\u00ebrfundimisht. BE \u00ebsht\u00eb e interesuar p\u00ebr t\u00eb nderhyr\u00eb por ka kufizimet e saj dhe nuk mund t\u00eb imponohet\u201d, theksoi ai.<\/p>\n","protected":false},"excerpt":{"rendered":"<p>Eksperti Gledis Gjepali ka zhvilluar nj\u00eb intervist\u00eb dit\u00ebn e sotme p\u00ebr Fax News, ku ka folur p\u00ebr mbajtjen e Samitit n\u00eb Slloveni mes BE-s\u00eb dhe vendeve t\u00eb Ballkanit Per\u00ebndimor. Sipas ekspertit Gjepali, pritshm\u00ebrit\u00eb jan\u00eb shum\u00eb t\u00eb vog\u00ebla nga ky Samit q\u00eb t\u00eb ket\u00eb nj\u00eb ndryshim sa i takon integrimti t\u00eb Shqip\u00ebris\u00eb, por sipas tij ky [&hellip;]<\/p>\n","protected":false},"author":2031,"featured_media":207611,"comment_status":"closed","ping_status":"closed","sticky":false,"template":"","format":"standard","meta":{"footnotes":""},"categories":[231],"tags":[],"class_list":{"0":"post-207610","1":"post","2":"type-post","3":"status-publish","4":"format-standard","5":"has-post-thumbnail","7":"category-lajme"},"_links":{"self":[{"href":"https:\/\/zjarr.tv\/sq\/wp-json\/wp\/v2\/posts\/207610","targetHints":{"allow":["GET"]}}],"collection":[{"href":"https:\/\/zjarr.tv\/sq\/wp-json\/wp\/v2\/posts"}],"about":[{"href":"https:\/\/zjarr.tv\/sq\/wp-json\/wp\/v2\/types\/post"}],"author":[{"embeddable":true,"href":"https:\/\/zjarr.tv\/sq\/wp-json\/wp\/v2\/users\/2031"}],"replies":[{"embeddable":true,"href":"https:\/\/zjarr.tv\/sq\/wp-json\/wp\/v2\/comments?post=207610"}],"version-history":[{"count":0,"href":"https:\/\/zjarr.tv\/sq\/wp-json\/wp\/v2\/posts\/207610\/revisions"}],"wp:featuredmedia":[{"embeddable":true,"href":"https:\/\/zjarr.tv\/sq\/wp-json\/wp\/v2\/media\/207611"}],"wp:attachment":[{"href":"https:\/\/zjarr.tv\/sq\/wp-json\/wp\/v2\/media?parent=207610"}],"wp:term":[{"taxonomy":"category","embeddable":true,"href":"https:\/\/zjarr.tv\/sq\/wp-json\/wp\/v2\/categories?post=207610"},{"taxonomy":"post_tag","embeddable":true,"href":"https:\/\/zjarr.tv\/sq\/wp-json\/wp\/v2\/tags?post=207610"}],"curies":[{"name":"wp","href":"https:\/\/api.w.org\/{rel}","templated":true}]}}