{"id":207646,"date":"2021-10-06T17:20:07","date_gmt":"2021-10-06T15:20:07","guid":{"rendered":"https:\/\/zjarr.tv\/?p=207646"},"modified":"2021-10-06T17:20:07","modified_gmt":"2021-10-06T15:20:07","slug":"ledi-bianku-emerohet-anetar-i-gjykates-kushtetuese-ne-bosnje","status":"publish","type":"post","link":"https:\/\/zjarr.tv\/sq\/ledi-bianku-emerohet-anetar-i-gjykates-kushtetuese-ne-bosnje\/","title":{"rendered":"Ledi Bianku em\u00ebrohet an\u00ebtar i Gjykat\u00ebs Kushtetuese n\u00eb Bosnje"},"content":{"rendered":"<p>Ledi Bianku, ish-an\u00ebtar i Gjykat\u00ebs Evropiane p\u00ebr t\u00eb Drejtat e Njeriut \u00ebsht\u00eb em\u00ebruar an\u00ebtar i Gjykat\u00ebs Kushtetuese t\u00eb Bosnje Hercegovin\u00ebs.<\/p>\n<p>Bianku i diplomuar p\u00ebr drejt\u00ebsi n\u00eb Tiran\u00eb dhe q\u00eb ka kryer disa studime t\u00eb tjera n\u00eb Itali dhe Belgjik\u00eb ka mbajtur disa detyra n\u00eb Shqip\u00ebri.<\/p>\n<p>Ai ka qen\u00eb pjes\u00eb e Shkoll\u00ebs s\u00eb Magjistratur\u00ebs, k\u00ebshilltar i Presidentit dhe Parlamentit dhe ministrit t\u00eb Drejt\u00ebsis\u00eb n\u00eb 2000-2007.<\/p>\n<p>Gjat\u00eb vitit 2006-2007 ka qen\u00eb pjes\u00eb e Komisionit t\u00eb Venecias dhe m\u00eb pas n\u00eb 2008 u b\u00eb pjes\u00eb e Gjykat\u00ebs Evropiane p\u00ebr t\u00eb Drejtat e Njeriut.<\/p>\n<p>Presidenti i Gjykat\u00ebs Evropiane p\u00ebr t\u00eb Drejtat e Njeriut, Robert Spano ka informuar Presidentin e Gjykat\u00ebs Kushtetuese t\u00eb Bosnje Hercegovin\u00ebs, Mato Tadi\u00e7 p\u00ebr em\u00ebrimin e Ledi Biankut si gjykat\u00ebsin e ri nd\u00ebrkomb\u00ebtar t\u00eb Gjykat\u00ebs Kushtetuese t\u00eb Bosnje Hercegovin\u00ebs.<\/p>\n<p>Em\u00ebrimi i Biankut n\u00eb k\u00ebt\u00eb post vjen n\u00eb baz\u00eb t\u00eb rregullave q\u00eb p\u00ebrcakton kushtetuta e Bosnje Hercegovin\u00ebs.<\/p>\n<p>Gjykata Kushtetuese Bosnje Hercegovin\u00ebs ka 9 an\u00ebtar\u00eb, kat\u00ebr prej t\u00eb cil\u00ebve zgjidhen nga Dhoma e P\u00ebrfaq\u00ebsuesve t\u00eb Federat\u00ebs, dy nga Asambleja e Republik\u00ebs Serbe, nd\u00ebrsa tre t\u00eb tjer\u00eb zgjidhen nga Presidenti i Gjykat\u00ebs Evropian p\u00ebr t\u00eb Drejtat e Njeriut pas konsultave me Presidenc\u00ebn boshnjake.<\/p>\n","protected":false},"excerpt":{"rendered":"<p>Ledi Bianku, ish-an\u00ebtar i Gjykat\u00ebs Evropiane p\u00ebr t\u00eb Drejtat e Njeriut \u00ebsht\u00eb em\u00ebruar an\u00ebtar i Gjykat\u00ebs Kushtetuese t\u00eb Bosnje Hercegovin\u00ebs. Bianku i diplomuar p\u00ebr drejt\u00ebsi n\u00eb Tiran\u00eb dhe q\u00eb ka kryer disa studime t\u00eb tjera n\u00eb Itali dhe Belgjik\u00eb ka mbajtur disa detyra n\u00eb Shqip\u00ebri. Ai ka qen\u00eb pjes\u00eb e Shkoll\u00ebs s\u00eb Magjistratur\u00ebs, k\u00ebshilltar i [&hellip;]<\/p>\n","protected":false},"author":2031,"featured_media":207647,"comment_status":"closed","ping_status":"closed","sticky":false,"template":"","format":"standard","meta":{"footnotes":""},"categories":[231],"tags":[],"class_list":{"0":"post-207646","1":"post","2":"type-post","3":"status-publish","4":"format-standard","5":"has-post-thumbnail","7":"category-lajme"},"_links":{"self":[{"href":"https:\/\/zjarr.tv\/sq\/wp-json\/wp\/v2\/posts\/207646","targetHints":{"allow":["GET"]}}],"collection":[{"href":"https:\/\/zjarr.tv\/sq\/wp-json\/wp\/v2\/posts"}],"about":[{"href":"https:\/\/zjarr.tv\/sq\/wp-json\/wp\/v2\/types\/post"}],"author":[{"embeddable":true,"href":"https:\/\/zjarr.tv\/sq\/wp-json\/wp\/v2\/users\/2031"}],"replies":[{"embeddable":true,"href":"https:\/\/zjarr.tv\/sq\/wp-json\/wp\/v2\/comments?post=207646"}],"version-history":[{"count":0,"href":"https:\/\/zjarr.tv\/sq\/wp-json\/wp\/v2\/posts\/207646\/revisions"}],"wp:featuredmedia":[{"embeddable":true,"href":"https:\/\/zjarr.tv\/sq\/wp-json\/wp\/v2\/media\/207647"}],"wp:attachment":[{"href":"https:\/\/zjarr.tv\/sq\/wp-json\/wp\/v2\/media?parent=207646"}],"wp:term":[{"taxonomy":"category","embeddable":true,"href":"https:\/\/zjarr.tv\/sq\/wp-json\/wp\/v2\/categories?post=207646"},{"taxonomy":"post_tag","embeddable":true,"href":"https:\/\/zjarr.tv\/sq\/wp-json\/wp\/v2\/tags?post=207646"}],"curies":[{"name":"wp","href":"https:\/\/api.w.org\/{rel}","templated":true}]}}