{"id":207697,"date":"2021-10-06T19:02:23","date_gmt":"2021-10-06T17:02:23","guid":{"rendered":"https:\/\/zjarr.tv\/?p=207697"},"modified":"2021-10-06T19:02:23","modified_gmt":"2021-10-06T17:02:23","slug":"berisha-e-pranon-per-here-te-pare-ne-nuk-i-fituam-dot-keto-zgjedhje-basha-nuk-flet-me-per-masaker-zgjedhore","status":"publish","type":"post","link":"https:\/\/zjarr.tv\/sq\/berisha-e-pranon-per-here-te-pare-ne-nuk-i-fituam-dot-keto-zgjedhje-basha-nuk-flet-me-per-masaker-zgjedhore\/","title":{"rendered":"Berisha e pranon p\u00ebr her\u00eb t\u00eb par\u00eb: Ne nuk i fituam dot k\u00ebto zgjedhje, Basha nuk flet m\u00eb p\u00ebr \u201cmasak\u00ebr zgjedhore\u201d"},"content":{"rendered":"<p>Sali Berisha nga \u201cFoltorja\u201d n\u00eb Gjirokast\u00ebr:<\/p>\n<p>\u201cNe mblidhemi n\u00eb nj\u00eb koh\u00eb kur Basha n\u00eb 8 vite e udh\u00ebhoqi PD nga disfata n\u00eb disfat\u00eb, nuk ishte n\u00eb gjendje kurr\u00eb. <\/p>\n<p>Mori vendimet m\u00eb absurde q\u00eb ka marr\u00eb ndonj\u00ebri n\u00eb histori. Pas zgjedhjeve t\u00eb 25 prillit pas k\u00ebtij seriali d\u00ebshtimesh ai deklaroi se kjo ishte nj\u00eb \u201cmasak\u00ebr zgjedhore\u201d, un\u00eb isha i bindur q\u00eb Edi Rama i \u201cpla\u00e7kiti\u201d votat m\u00eb shum\u00eb se kurr\u00eb, por ne nuk i fituam k\u00ebto zgjedhje, k\u00ebt\u00eb e kisha bindje t\u00eb plot\u00eb. <\/p>\n<p>Kryetari n\u00eb vend q\u00eb t\u00eb merrej n\u00eb mbrojtjen e vot\u00ebs tuaj u kthye dhe po merrej n\u00eb m\u00ebnyr\u00eb t\u00eb paimagjinueshme me karrigen e tij. <\/p>\n<p>Ne vijm\u00eb k\u00ebtu jo si nj\u00eb opozit\u00eb e vjedhur nga Edi Rama por vijm\u00eb si nj\u00eb opozit\u00eb e tradhtuar nga Lulzim Basha. <\/p>\n<p>U tradhtua vota mundi, djersa juaj, sepse ai nuk flet m\u00eb as p\u00ebr vot\u00eb as p\u00ebr masak\u00ebr zgjedhore\u201d, tha Berisha.<\/p>\n","protected":false},"excerpt":{"rendered":"<p>Sali Berisha nga \u201cFoltorja\u201d n\u00eb Gjirokast\u00ebr: \u201cNe mblidhemi n\u00eb nj\u00eb koh\u00eb kur Basha n\u00eb 8 vite e udh\u00ebhoqi PD nga disfata n\u00eb disfat\u00eb, nuk ishte n\u00eb gjendje kurr\u00eb. Mori vendimet m\u00eb absurde q\u00eb ka marr\u00eb ndonj\u00ebri n\u00eb histori. Pas zgjedhjeve t\u00eb 25 prillit pas k\u00ebtij seriali d\u00ebshtimesh ai deklaroi se kjo ishte nj\u00eb \u201cmasak\u00ebr zgjedhore\u201d, [&hellip;]<\/p>\n","protected":false},"author":2031,"featured_media":205873,"comment_status":"closed","ping_status":"closed","sticky":false,"template":"","format":"standard","meta":{"footnotes":""},"categories":[231],"tags":[],"class_list":{"0":"post-207697","1":"post","2":"type-post","3":"status-publish","4":"format-standard","5":"has-post-thumbnail","7":"category-lajme"},"_links":{"self":[{"href":"https:\/\/zjarr.tv\/sq\/wp-json\/wp\/v2\/posts\/207697","targetHints":{"allow":["GET"]}}],"collection":[{"href":"https:\/\/zjarr.tv\/sq\/wp-json\/wp\/v2\/posts"}],"about":[{"href":"https:\/\/zjarr.tv\/sq\/wp-json\/wp\/v2\/types\/post"}],"author":[{"embeddable":true,"href":"https:\/\/zjarr.tv\/sq\/wp-json\/wp\/v2\/users\/2031"}],"replies":[{"embeddable":true,"href":"https:\/\/zjarr.tv\/sq\/wp-json\/wp\/v2\/comments?post=207697"}],"version-history":[{"count":0,"href":"https:\/\/zjarr.tv\/sq\/wp-json\/wp\/v2\/posts\/207697\/revisions"}],"wp:featuredmedia":[{"embeddable":true,"href":"https:\/\/zjarr.tv\/sq\/wp-json\/wp\/v2\/media\/205873"}],"wp:attachment":[{"href":"https:\/\/zjarr.tv\/sq\/wp-json\/wp\/v2\/media?parent=207697"}],"wp:term":[{"taxonomy":"category","embeddable":true,"href":"https:\/\/zjarr.tv\/sq\/wp-json\/wp\/v2\/categories?post=207697"},{"taxonomy":"post_tag","embeddable":true,"href":"https:\/\/zjarr.tv\/sq\/wp-json\/wp\/v2\/tags?post=207697"}],"curies":[{"name":"wp","href":"https:\/\/api.w.org\/{rel}","templated":true}]}}