{"id":209731,"date":"2021-10-13T18:58:13","date_gmt":"2021-10-13T16:58:13","guid":{"rendered":"https:\/\/zjarr.tv\/?p=209731"},"modified":"2021-10-13T18:59:50","modified_gmt":"2021-10-13T16:59:50","slug":"reporter-pa-kufij-denojne-deklaratat-e-rames-minojne-lirine-e-fjales","status":"publish","type":"post","link":"https:\/\/zjarr.tv\/sq\/reporter-pa-kufij-denojne-deklaratat-e-rames-minojne-lirine-e-fjales\/","title":{"rendered":"Reporter pa Kufij d\u00ebnojn\u00eb deklaratat e Ram\u00ebs: Minojn\u00eb lirin\u00eb e fjal\u00ebs"},"content":{"rendered":"<p>Reporter\u00ebt pa Kufij d\u00ebnojn\u00eb deklaratat e kryeministrit Edi Rama ndaj mediave online gjat\u00eb nj\u00eb konferenc\u00eb t\u00eb OSBE-s\u00eb t\u00eb h\u00ebn\u00ebn, duke i krahasuar me nazist\u00ebt, terrorist\u00ebt dhe pedofil\u00ebt. <\/p>\n<p>&#8216;Akoma m\u00eb shqet\u00ebsuese pasi Parlamenti planifikon t\u00eb diskutoj\u00eb ndryshimet n\u00eb ligjin p\u00ebr mediat, t\u00eb njohura si paketa kund\u00ebr &#8216;shpifjes&#8217;!&#8217;, thuhet n\u00eb reagimin e Reporter\u00ebt pa Kufij.<\/p>\n<p>&#8216;Si\u00e7 ishte hartuar m\u00eb her\u00ebt, ndryshimet do t\u00eb lejonin vendosjen e sanksioneve joproporcionale ndaj mediave online nga AMA, nj\u00eb autoritet i kryesuar nga ish-k\u00ebshilltarja e Edi Ram\u00ebs.<\/p>\n<p>Ligji k\u00ebrkon ndryshime s\u00eb bashku me rekomandimet e Komisionit t\u00eb Venecias p\u00ebr t\u00eb shmangur minimin e liris\u00eb s\u00eb fjal\u00ebs!&#8217;, thuhet m\u00eb tej n\u00eb deklarat\u00ebn e Reporter\u00ebve pa Kufij.<\/p>\n","protected":false},"excerpt":{"rendered":"<p>Reporter\u00ebt pa Kufij d\u00ebnojn\u00eb deklaratat e kryeministrit Edi Rama ndaj mediave online gjat\u00eb nj\u00eb konferenc\u00eb t\u00eb OSBE-s\u00eb t\u00eb h\u00ebn\u00ebn, duke i krahasuar me nazist\u00ebt, terrorist\u00ebt dhe pedofil\u00ebt. &#8216;Akoma m\u00eb shqet\u00ebsuese pasi Parlamenti planifikon t\u00eb diskutoj\u00eb ndryshimet n\u00eb ligjin p\u00ebr mediat, t\u00eb njohura si paketa kund\u00ebr &#8216;shpifjes&#8217;!&#8217;, thuhet n\u00eb reagimin e Reporter\u00ebt pa Kufij. &#8216;Si\u00e7 ishte [&hellip;]<\/p>\n","protected":false},"author":2031,"featured_media":209734,"comment_status":"closed","ping_status":"closed","sticky":false,"template":"","format":"standard","meta":{"footnotes":""},"categories":[231],"tags":[],"class_list":{"0":"post-209731","1":"post","2":"type-post","3":"status-publish","4":"format-standard","5":"has-post-thumbnail","7":"category-lajme"},"_links":{"self":[{"href":"https:\/\/zjarr.tv\/sq\/wp-json\/wp\/v2\/posts\/209731","targetHints":{"allow":["GET"]}}],"collection":[{"href":"https:\/\/zjarr.tv\/sq\/wp-json\/wp\/v2\/posts"}],"about":[{"href":"https:\/\/zjarr.tv\/sq\/wp-json\/wp\/v2\/types\/post"}],"author":[{"embeddable":true,"href":"https:\/\/zjarr.tv\/sq\/wp-json\/wp\/v2\/users\/2031"}],"replies":[{"embeddable":true,"href":"https:\/\/zjarr.tv\/sq\/wp-json\/wp\/v2\/comments?post=209731"}],"version-history":[{"count":0,"href":"https:\/\/zjarr.tv\/sq\/wp-json\/wp\/v2\/posts\/209731\/revisions"}],"wp:featuredmedia":[{"embeddable":true,"href":"https:\/\/zjarr.tv\/sq\/wp-json\/wp\/v2\/media\/209734"}],"wp:attachment":[{"href":"https:\/\/zjarr.tv\/sq\/wp-json\/wp\/v2\/media?parent=209731"}],"wp:term":[{"taxonomy":"category","embeddable":true,"href":"https:\/\/zjarr.tv\/sq\/wp-json\/wp\/v2\/categories?post=209731"},{"taxonomy":"post_tag","embeddable":true,"href":"https:\/\/zjarr.tv\/sq\/wp-json\/wp\/v2\/tags?post=209731"}],"curies":[{"name":"wp","href":"https:\/\/api.w.org\/{rel}","templated":true}]}}