{"id":211310,"date":"2021-10-18T14:03:23","date_gmt":"2021-10-18T12:03:23","guid":{"rendered":"https:\/\/zjarr.tv\/?p=211310"},"modified":"2021-10-18T14:03:23","modified_gmt":"2021-10-18T12:03:23","slug":"meta-takim-me-zv-kryeministren-e-kosoves-nxjerrja-dhe-pranimi-i-rezultateve-paraprake-te-zgjedhjeve-shembull-per-te-gjithe-rajonin","status":"publish","type":"post","link":"https:\/\/zjarr.tv\/sq\/meta-takim-me-zv-kryeministren-e-kosoves-nxjerrja-dhe-pranimi-i-rezultateve-paraprake-te-zgjedhjeve-shembull-per-te-gjithe-rajonin\/","title":{"rendered":"Meta takim me zv. kryeministren e Kosov\u00ebs: Nxjerrja dhe pranimi i rezultateve paraprake t\u00eb zgjedhjeve, shembull p\u00ebr t\u00eb gjith\u00eb rajonin"},"content":{"rendered":"<p>Presidenti i Republik\u00ebs Ilir Meta priti sot n\u00eb takim Z\u00ebvend\u00ebskryeministren dhe Ministren e Pun\u00ebve t\u00eb Jashtme dhe t\u00eb Diaspor\u00ebs s\u00eb Republik\u00ebs s\u00eb Kosov\u00ebs, Donika G\u00ebrvall\u00ebn. Presidenti Meta e uroi Ministren G\u00ebrvalla p\u00ebr detyr\u00ebn e r\u00ebnd\u00ebsishme, q\u00eb ushtron n\u00eb Qeverin\u00eb e Kosov\u00ebs, n\u00eb k\u00ebto momente mjaft t\u00eb r\u00ebnd\u00ebsishme p\u00ebr vendin e saj.<\/p>\n<p>Presidenti Meta m\u00eb tej i p\u00ebrg\u00ebzoi institucionet e Republik\u00ebs s\u00eb Kosov\u00ebs p\u00ebr zhvillimin me korrekt\u00ebsi dhe n\u00eb m\u00ebnyr\u00eb demokratike t\u00eb zgjedhjeve lokale, q\u00eb u mbajtjen dje. <em>\u201cZhvillimi i zgjedhjeve lokale, nxjerrja si dhe pranimi i rezultateve paraprake nga t\u00eb gjitha pal\u00ebt n\u00eb proces \u00ebsht\u00eb nj\u00eb shembull p\u00ebr t\u00eb gjith\u00eb rajonin se si duhet t\u00eb zhvillohen dhe administrohen zgjedhjet\u201d<\/em>, \u2013 theksoi Presidenti Meta.<\/p>\n<p>Kreu i Shtetit theksoi s\u00eb Shqip\u00ebria dhe Kosova duhet t\u00eb bashk\u00ebpunojn\u00eb ngusht\u00ebsisht n\u00eb leht\u00ebsimin e \u00e7do pengese, q\u00eb ekziston n\u00eb zhvillimet n\u00eb fush\u00ebn politike, kulturore, ekonomike, tregtare dhe t\u00eb gjitha sferat e tjera t\u00eb jet\u00ebs.Gjithashtu, Presidenti Meta theksoi se t\u00eb dyja vendet tona, s\u00eb bashku duhet t\u00eb punojn\u00eb edhe m\u00eb ngusht\u00ebsisht, p\u00ebr forcimin dhe konsolidimin e subjektivitetit nd\u00ebrkomb\u00ebtar t\u00eb Kosov\u00ebs, si dhe p\u00ebr p\u00ebrshpejtimin e proceseve t\u00eb integrimeve europiane.<\/p>\n<p><strong>Postimi i Ilir Met\u00ebs:<\/strong><\/p>\n<p><em>K\u00ebnaq\u00ebsi t\u00eb mir\u00ebprisja sot n\u00eb takim Z\u00ebvend\u00ebskryeministren dhe Ministren e Pun\u00ebve t\u00eb Jashtme dhe t\u00eb Diaspor\u00ebs s\u00eb Republik\u00ebs s\u00eb Kosov\u00ebs, Znj.Donika G\u00ebrvalla. <\/em><em>P\u00ebrg\u00ebzova institucionet e Republik\u00ebs s\u00eb Kosov\u00ebs p\u00ebr zhvillimin me korrekt\u00ebsi dhe n\u00eb m\u00ebnyr\u00eb demokratike t\u00eb zgjedhjeve lokale, q\u00eb u mbajtjen dje. <\/em><em>Zhvillimi i zgjedhjeve lokale, nxjerrja si dhe pranimi i rezultateve paraprake nga t\u00eb gjitha pal\u00ebt n\u00eb proces \u00ebsht\u00eb nj\u00eb shembull p\u00ebr t\u00eb gjith\u00eb rajonin se si duhet t\u00eb zhvillohen dhe administrohen zgjedhjet.<\/em><\/p>\n<p><em>Theksova nevoj\u00ebn q\u00eb Shqip\u00ebria dhe Kosova t\u00eb bashk\u00ebpunojn\u00eb edhe m\u00eb ngusht\u00ebsisht n\u00eb leht\u00ebsimin e \u00e7do pengese, q\u00eb ekziston n\u00eb zhvillimet n\u00eb fush\u00ebn politike, kulturore, ekonomike, tregtare dhe t\u00eb gjitha sferat e tjera t\u00eb jet\u00ebs. <\/em><em>T\u00eb dyja vendet tona, s\u00eb bashku duhet t\u00eb punojn\u00eb p\u00ebr forcimin dhe konsolidimin e subjektivitetit nd\u00ebrkomb\u00ebtar t\u00eb Kosov\u00ebs, si dhe p\u00ebr p\u00ebrshpejtimin e proceseve t\u00eb integrimeve europiane.<\/em><\/p>\n","protected":false},"excerpt":{"rendered":"<p>Presidenti i Republik\u00ebs Ilir Meta priti sot n\u00eb takim Z\u00ebvend\u00ebskryeministren dhe Ministren e Pun\u00ebve t\u00eb Jashtme dhe t\u00eb Diaspor\u00ebs s\u00eb Republik\u00ebs s\u00eb Kosov\u00ebs, Donika G\u00ebrvall\u00ebn. Presidenti Meta e uroi Ministren G\u00ebrvalla p\u00ebr detyr\u00ebn e r\u00ebnd\u00ebsishme, q\u00eb ushtron n\u00eb Qeverin\u00eb e Kosov\u00ebs, n\u00eb k\u00ebto momente mjaft t\u00eb r\u00ebnd\u00ebsishme p\u00ebr vendin e saj. Presidenti Meta m\u00eb tej [&hellip;]<\/p>\n","protected":false},"author":2020,"featured_media":211318,"comment_status":"closed","ping_status":"closed","sticky":false,"template":"","format":"standard","meta":{"footnotes":""},"categories":[241,231,235],"tags":[451],"class_list":{"0":"post-211310","1":"post","2":"type-post","3":"status-publish","4":"format-standard","5":"has-post-thumbnail","7":"category-aktualitet","8":"category-lajme","9":"category-vendi","10":"tag-lajme-zjarr"},"_links":{"self":[{"href":"https:\/\/zjarr.tv\/sq\/wp-json\/wp\/v2\/posts\/211310","targetHints":{"allow":["GET"]}}],"collection":[{"href":"https:\/\/zjarr.tv\/sq\/wp-json\/wp\/v2\/posts"}],"about":[{"href":"https:\/\/zjarr.tv\/sq\/wp-json\/wp\/v2\/types\/post"}],"author":[{"embeddable":true,"href":"https:\/\/zjarr.tv\/sq\/wp-json\/wp\/v2\/users\/2020"}],"replies":[{"embeddable":true,"href":"https:\/\/zjarr.tv\/sq\/wp-json\/wp\/v2\/comments?post=211310"}],"version-history":[{"count":0,"href":"https:\/\/zjarr.tv\/sq\/wp-json\/wp\/v2\/posts\/211310\/revisions"}],"wp:featuredmedia":[{"embeddable":true,"href":"https:\/\/zjarr.tv\/sq\/wp-json\/wp\/v2\/media\/211318"}],"wp:attachment":[{"href":"https:\/\/zjarr.tv\/sq\/wp-json\/wp\/v2\/media?parent=211310"}],"wp:term":[{"taxonomy":"category","embeddable":true,"href":"https:\/\/zjarr.tv\/sq\/wp-json\/wp\/v2\/categories?post=211310"},{"taxonomy":"post_tag","embeddable":true,"href":"https:\/\/zjarr.tv\/sq\/wp-json\/wp\/v2\/tags?post=211310"}],"curies":[{"name":"wp","href":"https:\/\/api.w.org\/{rel}","templated":true}]}}