{"id":213962,"date":"2021-10-26T18:28:54","date_gmt":"2021-10-26T16:28:54","guid":{"rendered":"https:\/\/zjarr.tv\/?p=213962"},"modified":"2021-10-26T18:28:54","modified_gmt":"2021-10-26T16:28:54","slug":"gjykatesi-i-parisit-pranoi-padine-time-sali-berisha-i-ben-thirrje-sekretarit-amerikan-te-shtetit-dergo-ne-gjykate-cdo-fakt-dhe-prove-por-ju-garantoj-se","status":"publish","type":"post","link":"https:\/\/zjarr.tv\/sq\/gjykatesi-i-parisit-pranoi-padine-time-sali-berisha-i-ben-thirrje-sekretarit-amerikan-te-shtetit-dergo-ne-gjykate-cdo-fakt-dhe-prove-por-ju-garantoj-se\/","title":{"rendered":"\u201cGjykat\u00ebsi i Parisit pranoi padin\u00eb time\u201d\/ Sali Berisha i b\u00ebn thirrje Sekretarit Amerikan t\u00eb Shtetit: D\u00ebrgo n\u00eb gjykat\u00eb \u00e7do fakt dhe prov\u00eb, por ju garantoj se\u2026"},"content":{"rendered":"<p>Sali Berisha ka dh\u00ebn\u00eb lajmin se gjykat\u00ebsi i Parisit ka pranuar padin\u00eb q\u00eb ish-kryeministri ka b\u00ebr\u00eb ndaj Sekretarit Amerikan t\u00eb Shtetit, Antony Blinken, i cili pak muaj me par\u00eb e shpalli \u2018non grata\u2019.<\/p>\n<p><em>\u201cUn\u00eb kam k\u00ebnaq\u00ebsi dhe krenari t\u00eb ndaj me ju lajmin se gjykat\u00ebsi i Parisit ka pranuar padin\u00eb e Sali Berish\u00ebs. E ftoj sekretarin e shtetit Blinken, t\u00eb d\u00ebrgoj\u00eb n\u00eb gjykat\u00ebn e Parisit cdo prov\u00eb fakt dhe dokument q\u00eb ka p\u00ebr Berish\u00ebn, por ju garantoj se ka zero, zero\u2026\u201d,<\/em>\u00a0tha Berisha nga foltorja me demokrat\u00ebt n\u00eb Kavaj\u00eb.<\/p>\n<p>M\u00eb tej ish-kryeministri vijoi duke th\u00ebn\u00eb: \u201cProblemin tim, un\u00eb e kisha zgjidhur. E kisha zgjedhur rrug\u00ebn. K\u00ebtu para jush dhe nj\u00ebher\u00eb ju them, rroft\u00eb drejt\u00ebsia\u201d.<\/p>\n<p>N\u00eb maj t\u00eb k\u00ebtij viti, Sekretari Amerikan i Shtetit, Antony Blinken shpalli t\u00eb pap\u00ebrshtatsh\u00ebm p\u00ebr t\u00eb hyr\u00eb n\u00eb SHBA, ish-presidentin dhe ish-kryeministrin Sali Berisha.<\/p>\n<p>Blinken u shpreh se aktet korruptive t\u00eb ish-presidentit t\u00eb Shqip\u00ebris\u00eb, Sali Berisha minuan demokracin\u00eb n\u00eb Shqip\u00ebri.<\/p>\n<p>Sekretari po ashtu shpalli non grata edhe an\u00ebtar\u00ebt e familjes s\u00eb ish-kryeministrit si t\u00eb pap\u00ebrshtatsh\u00ebm p\u00ebr t\u00eb hyr\u00eb n\u00eb Shtetet e Bashkuara.<\/p>\n<p>\u201cAktet korruptive t\u00eb ish-presidentit t\u00eb Shqip\u00ebris\u00eb, Sali Berisha minuan demokracin\u00eb n\u00eb Shqip\u00ebri. Un\u00eb shpall publikisht Berish\u00ebn dhe an\u00ebtar\u00ebt e familjes s\u00eb tij si t\u00eb pap\u00ebrshtatsh\u00ebm p\u00ebr t\u00eb hyr\u00eb n\u00eb Shtetet e Bashkuara. Ne mbetemi t\u00eb bashkuar kund\u00ebr korrupsionit me partner\u00ebt tan\u00eb n\u00eb Shqip\u00ebri\u201d shkroi \u00a0Blniken p\u00ebr ish-kryeministrin dhe ish-Presidentin e Shqip\u00ebris\u00eb.<\/p>\n","protected":false},"excerpt":{"rendered":"<p>Sali Berisha ka dh\u00ebn\u00eb lajmin se gjykat\u00ebsi i Parisit ka pranuar padin\u00eb q\u00eb ish-kryeministri ka b\u00ebr\u00eb ndaj Sekretarit Amerikan t\u00eb Shtetit, Antony Blinken, i cili pak muaj me par\u00eb e shpalli \u2018non grata\u2019. \u201cUn\u00eb kam k\u00ebnaq\u00ebsi dhe krenari t\u00eb ndaj me ju lajmin se gjykat\u00ebsi i Parisit ka pranuar padin\u00eb e Sali Berish\u00ebs. E ftoj [&hellip;]<\/p>\n","protected":false},"author":2030,"featured_media":213963,"comment_status":"closed","ping_status":"closed","sticky":false,"template":"","format":"standard","meta":{"footnotes":""},"categories":[241,1454],"tags":[],"class_list":{"0":"post-213962","1":"post","2":"type-post","3":"status-publish","4":"format-standard","5":"has-post-thumbnail","7":"category-aktualitet","8":"category-politike"},"_links":{"self":[{"href":"https:\/\/zjarr.tv\/sq\/wp-json\/wp\/v2\/posts\/213962","targetHints":{"allow":["GET"]}}],"collection":[{"href":"https:\/\/zjarr.tv\/sq\/wp-json\/wp\/v2\/posts"}],"about":[{"href":"https:\/\/zjarr.tv\/sq\/wp-json\/wp\/v2\/types\/post"}],"author":[{"embeddable":true,"href":"https:\/\/zjarr.tv\/sq\/wp-json\/wp\/v2\/users\/2030"}],"replies":[{"embeddable":true,"href":"https:\/\/zjarr.tv\/sq\/wp-json\/wp\/v2\/comments?post=213962"}],"version-history":[{"count":0,"href":"https:\/\/zjarr.tv\/sq\/wp-json\/wp\/v2\/posts\/213962\/revisions"}],"wp:featuredmedia":[{"embeddable":true,"href":"https:\/\/zjarr.tv\/sq\/wp-json\/wp\/v2\/media\/213963"}],"wp:attachment":[{"href":"https:\/\/zjarr.tv\/sq\/wp-json\/wp\/v2\/media?parent=213962"}],"wp:term":[{"taxonomy":"category","embeddable":true,"href":"https:\/\/zjarr.tv\/sq\/wp-json\/wp\/v2\/categories?post=213962"},{"taxonomy":"post_tag","embeddable":true,"href":"https:\/\/zjarr.tv\/sq\/wp-json\/wp\/v2\/tags?post=213962"}],"curies":[{"name":"wp","href":"https:\/\/api.w.org\/{rel}","templated":true}]}}