{"id":214314,"date":"2021-10-28T10:10:38","date_gmt":"2021-10-28T08:10:38","guid":{"rendered":"https:\/\/zjarr.tv\/?p=214314"},"modified":"2021-10-28T10:10:38","modified_gmt":"2021-10-28T08:10:38","slug":"flet-primo-shllaku-nuk-u-be-asnje-aktivitet-per-fishten-kjo-tregon-se-nuk-i-kemi-punet-mire","status":"publish","type":"post","link":"https:\/\/zjarr.tv\/sq\/flet-primo-shllaku-nuk-u-be-asnje-aktivitet-per-fishten-kjo-tregon-se-nuk-i-kemi-punet-mire\/","title":{"rendered":"Flet Primo Shllaku: Nuk u b\u00eb asnj\u00eb aktivitet p\u00ebr Fisht\u00ebn, kjo tregon se nuk i kemi pun\u00ebt mir\u00eb"},"content":{"rendered":"<p>Organizimi p\u00ebr 150 vjetorin e lindjes s\u00eb Gjergj Fisht\u00ebs, n\u00eb Muzeun Historik Komb\u00ebtar, kishte pjes\u00ebmarr\u00ebs sipas poetit\u00a0Primo Shllaku\u00a0vet\u00ebm 17 persona. Fakti q\u00eb nuk u b\u00eb asnj\u00eb aktivitet p\u00ebr Fisht\u00ebn n\u00eb qytetet e Shqip\u00ebris\u00eb, sipas tij, tregon se nuk i kemi pun\u00ebt mir\u00eb. Ky fakt tha Shllaku n\u00eb emisionin &#8220;Arnautistan&#8221;,\u00ebsht\u00eb dramatic, pasi Fishta \u00ebsht\u00eb nga ata q\u00eb \u00ebsht\u00eb eleminuar shum\u00eb her\u00eb dhe prap\u00eb \u00ebsht\u00eb gjall\u00eb.<\/p>\n<p>\u201cKa nj\u00eb problem q\u00eb duhet ta pranojm\u00eb t\u00eb gjith\u00eb. Ne duhet t\u00eb stabilizojm\u00eb kurset e diskursit. Un\u00eb isha n\u00eb nj\u00eb mbledhje n\u00eb Muzeun Komb\u00ebtar dhe n\u00eb nj\u00eb sall\u00eb prej 300 vendesh ishin vet\u00ebm 17 vet\u00eb dhe me sa njihja un\u00eb 12 prej tyre i njihja q\u00eb ishin geg\u00eb. Ata q\u00eb ishin tosk\u00eb ishin njer\u00ebzit e ngarkuar me organizimin. Fatkeq\u00ebsisht nuk u b\u00eb asnj\u00eb lloj aktiviteti as n\u00eb Gjirokast\u00ebr, as n\u00eb Vlor\u00eb, as n\u00eb Fier. Kjo tregon se nuk i kemi pun\u00ebt mir\u00eb. \u00a0Kjo \u00ebsht\u00eb shum\u00eb dr*amatike. Fishta ka shum\u00eb primate, ai \u00ebsht\u00eb eleminuar m\u00eb shum\u00eb se k\u00ebrkush dhe prap\u00eb \u00ebsht\u00eb gjall\u00eb\u201d, k\u00ebshtu u shpreh Shllaku.<\/p>\n","protected":false},"excerpt":{"rendered":"<p>Organizimi p\u00ebr 150 vjetorin e lindjes s\u00eb Gjergj Fisht\u00ebs, n\u00eb Muzeun Historik Komb\u00ebtar, kishte pjes\u00ebmarr\u00ebs sipas poetit\u00a0Primo Shllaku\u00a0vet\u00ebm 17 persona. Fakti q\u00eb nuk u b\u00eb asnj\u00eb aktivitet p\u00ebr Fisht\u00ebn n\u00eb qytetet e Shqip\u00ebris\u00eb, sipas tij, tregon se nuk i kemi pun\u00ebt mir\u00eb. Ky fakt tha Shllaku n\u00eb emisionin &#8220;Arnautistan&#8221;,\u00ebsht\u00eb dramatic, pasi Fishta \u00ebsht\u00eb nga ata [&hellip;]<\/p>\n","protected":false},"author":2016,"featured_media":214315,"comment_status":"closed","ping_status":"closed","sticky":false,"template":"","format":"standard","meta":{"footnotes":""},"categories":[241,5380,337],"tags":[5615],"class_list":{"0":"post-214314","1":"post","2":"type-post","3":"status-publish","4":"format-standard","5":"has-post-thumbnail","7":"category-aktualitet","8":"category-kryesore","9":"category-kulture","10":"tag-lajme-zjarr-flet-primo-shllaku-zjarr-tv"},"_links":{"self":[{"href":"https:\/\/zjarr.tv\/sq\/wp-json\/wp\/v2\/posts\/214314","targetHints":{"allow":["GET"]}}],"collection":[{"href":"https:\/\/zjarr.tv\/sq\/wp-json\/wp\/v2\/posts"}],"about":[{"href":"https:\/\/zjarr.tv\/sq\/wp-json\/wp\/v2\/types\/post"}],"author":[{"embeddable":true,"href":"https:\/\/zjarr.tv\/sq\/wp-json\/wp\/v2\/users\/2016"}],"replies":[{"embeddable":true,"href":"https:\/\/zjarr.tv\/sq\/wp-json\/wp\/v2\/comments?post=214314"}],"version-history":[{"count":0,"href":"https:\/\/zjarr.tv\/sq\/wp-json\/wp\/v2\/posts\/214314\/revisions"}],"wp:featuredmedia":[{"embeddable":true,"href":"https:\/\/zjarr.tv\/sq\/wp-json\/wp\/v2\/media\/214315"}],"wp:attachment":[{"href":"https:\/\/zjarr.tv\/sq\/wp-json\/wp\/v2\/media?parent=214314"}],"wp:term":[{"taxonomy":"category","embeddable":true,"href":"https:\/\/zjarr.tv\/sq\/wp-json\/wp\/v2\/categories?post=214314"},{"taxonomy":"post_tag","embeddable":true,"href":"https:\/\/zjarr.tv\/sq\/wp-json\/wp\/v2\/tags?post=214314"}],"curies":[{"name":"wp","href":"https:\/\/api.w.org\/{rel}","templated":true}]}}