{"id":214930,"date":"2021-10-31T08:45:48","date_gmt":"2021-10-31T07:45:48","guid":{"rendered":"https:\/\/zjarr.tv\/?p=214930"},"modified":"2021-10-31T08:45:48","modified_gmt":"2021-10-31T07:45:48","slug":"manjani-basha-thyen-rekord-falsifikon-edhe-vendimin-e-vet","status":"publish","type":"post","link":"https:\/\/zjarr.tv\/sq\/manjani-basha-thyen-rekord-falsifikon-edhe-vendimin-e-vet\/","title":{"rendered":"Manjani: Basha thyen rekord, falsifikon edhe vendimin e vet!"},"content":{"rendered":"<p>Ish-ministri i Drejt\u00ebsis\u00eb Ylli Manjani ka b\u00ebr\u00eb nj\u00eb reagim n\u00eb rrjetet sociale ku shprehet se Lulzim Basha na ka g\u00ebnjyer.<\/p>\n<p>Sipas Manjanit, Basha e ka p\u00ebrz\u00ebn\u00eb p\u00ebrher\u00eb nga partia Sali Berish\u00ebn dhe jo p\u00ebrkoh\u00ebsisht si\u00e7 u shpreh vet\u00eb ai vet\u00eb ai n\u00eb fillim.<\/p>\n<p>K\u00ebtu Manjani ironizon duke theksuar se Basha del q\u00eb ka falsifikuar edhe vendimin e vet, e pad\u00ebgjuar m\u00eb par\u00eb.<\/p>\n<p>\u201cNj\u00eb gj\u00eb nuk kuptoj?!<\/p>\n<p>Vendimi personal (i jet\u00ebs) s\u00eb Lulzim Bash\u00ebs ishte p\u00ebrjashtimi i p\u00ebrkohsh\u00ebm i Berish\u00ebs nga grupi parlamentar. Deri n\u00eb sqarimin e t\u00eb v\u00ebrtet\u00ebs- tha. Pra vendimi ishte i p\u00ebrkohsh\u00ebm..<\/p>\n<p>Tani, me k\u00ebto q\u00eb thot\u00eb, del se vendimi i tij nuk na qenka m\u00eb i p\u00ebrkohsh\u00ebm. Ai me t\u00eb veten e ka p\u00ebrz\u00ebn\u00eb p\u00ebrher\u00eb nga partia.<\/p>\n<p>Pra i bie q\u00eb ka fallsifikuar edhe vendimin e vet\u2026 Dmth t\u00eb fallsifikosh vendimet e t\u00eb tjer\u00ebve e kisha d\u00ebgjuar, por t\u00eb fallsifikosh vendimin t\u00ebnd jo.!?<\/p>\n<p>Ose ka g\u00ebnjyer q\u00eb n\u00eb vendimin e par\u00eb\u2026 N\u00eb fakt nuk para g\u00ebnjen\u2026<\/p>\n","protected":false},"excerpt":{"rendered":"<p>Ish-ministri i Drejt\u00ebsis\u00eb Ylli Manjani ka b\u00ebr\u00eb nj\u00eb reagim n\u00eb rrjetet sociale ku shprehet se Lulzim Basha na ka g\u00ebnjyer. Sipas Manjanit, Basha e ka p\u00ebrz\u00ebn\u00eb p\u00ebrher\u00eb nga partia Sali Berish\u00ebn dhe jo p\u00ebrkoh\u00ebsisht si\u00e7 u shpreh vet\u00eb ai vet\u00eb ai n\u00eb fillim. K\u00ebtu Manjani ironizon duke theksuar se Basha del q\u00eb ka falsifikuar edhe [&hellip;]<\/p>\n","protected":false},"author":2031,"featured_media":184964,"comment_status":"closed","ping_status":"closed","sticky":false,"template":"","format":"standard","meta":{"footnotes":""},"categories":[231],"tags":[],"class_list":{"0":"post-214930","1":"post","2":"type-post","3":"status-publish","4":"format-standard","5":"has-post-thumbnail","7":"category-lajme"},"_links":{"self":[{"href":"https:\/\/zjarr.tv\/sq\/wp-json\/wp\/v2\/posts\/214930","targetHints":{"allow":["GET"]}}],"collection":[{"href":"https:\/\/zjarr.tv\/sq\/wp-json\/wp\/v2\/posts"}],"about":[{"href":"https:\/\/zjarr.tv\/sq\/wp-json\/wp\/v2\/types\/post"}],"author":[{"embeddable":true,"href":"https:\/\/zjarr.tv\/sq\/wp-json\/wp\/v2\/users\/2031"}],"replies":[{"embeddable":true,"href":"https:\/\/zjarr.tv\/sq\/wp-json\/wp\/v2\/comments?post=214930"}],"version-history":[{"count":0,"href":"https:\/\/zjarr.tv\/sq\/wp-json\/wp\/v2\/posts\/214930\/revisions"}],"wp:featuredmedia":[{"embeddable":true,"href":"https:\/\/zjarr.tv\/sq\/wp-json\/wp\/v2\/media\/184964"}],"wp:attachment":[{"href":"https:\/\/zjarr.tv\/sq\/wp-json\/wp\/v2\/media?parent=214930"}],"wp:term":[{"taxonomy":"category","embeddable":true,"href":"https:\/\/zjarr.tv\/sq\/wp-json\/wp\/v2\/categories?post=214930"},{"taxonomy":"post_tag","embeddable":true,"href":"https:\/\/zjarr.tv\/sq\/wp-json\/wp\/v2\/tags?post=214930"}],"curies":[{"name":"wp","href":"https:\/\/api.w.org\/{rel}","templated":true}]}}