{"id":214938,"date":"2021-10-31T08:49:57","date_gmt":"2021-10-31T07:49:57","guid":{"rendered":"https:\/\/zjarr.tv\/?p=214938"},"modified":"2021-10-31T08:49:57","modified_gmt":"2021-10-31T07:49:57","slug":"kryemadhi-mazhoranca-dhe-e-ashtuquajtura-opozite-po-hedhin-tango-ne-kurriz-te-shqiptareve","status":"publish","type":"post","link":"https:\/\/zjarr.tv\/sq\/kryemadhi-mazhoranca-dhe-e-ashtuquajtura-opozite-po-hedhin-tango-ne-kurriz-te-shqiptareve\/","title":{"rendered":"Kryemadhi: Mazhoranca dhe e ashtuquajtura opozit\u00eb po hedhin tango n\u00eb kurriz t\u00eb shqiptar\u00ebve"},"content":{"rendered":"<p>Gjat\u00eb intervist\u00ebs p\u00ebr Z\u00ebrin e Amerik\u00ebs, Kryetarja e L\u00ebvizjes Socialiste p\u00ebr Integrim, Monika Kryemadhi, \u00ebsht\u00eb pyetur n\u00eb lidhje me marr\u00ebdh\u00ebniet sot t\u00eb LSI me PD, si dhe zhvillimet e brendshme n\u00eb Partin\u00eb Demokratike.<\/p>\n<p>Kryemadhi nuk ka dashur t\u00eb komentoj\u00eb se \u2018\u00e7far\u00eb po ndodh n\u00eb partin\u00eb tjet\u00ebr opozitare\u2018, por ka shtuar se \u2018e ashtuquajtura opozit\u00eb, po hedh tango me mazhoranc\u00ebn, n\u00eb kurriz t\u00eb shqiptar\u00ebve\u2019.<\/p>\n<p>\u201cNuk kan\u00eb absolutisht fare r\u00ebnd\u00ebsi marr\u00ebdheniet e LSI me PD sot, duke pasur parasysh mjafton t\u00eb shikojm\u00eb cfar\u00eb po ndodh, ku tangoja elektorale t\u00eb ashtuquajtur\u00ebs opozit\u00eb m\u00eb mazhoranc\u00eb nuk po sjell gj\u00eb tjet\u00ebr vecse po rrit borxhin e jasht\u00ebm t\u00eb shqip\u00ebris\u00eb dhe po e kalon ne shifra ekstreme drejt falimentimit t\u00eb shtetit dhe p\u00ebr t\u00eb vazhduar m\u00eb tutje me marr\u00ebveshje t\u00eb cilat i mungojn\u00eb transparenc\u00ebs politike dhe parlamentare. Sot jeta e shoq\u00ebris\u00eb shqiptare dhe aq m\u00eb shum\u00eb politika shqiptare nuk artikulon absolutisht p\u00ebr gj\u00ebra q\u00eb kan\u00eb lidhje shum\u00eb t\u00eb r\u00ebnd\u00ebsishme m\u00eb ekzistenc\u00ebn e popullit shqiptar dhe aq m\u00eb shum\u00eb t\u00eb t\u00eb rinjve shqiptar duke pasur parasysh vet\u00ebm periudhat e fundit shpopullimi i familjeve shqiptare \u00ebsht\u00eb i jasht\u00ebzakonsh\u00ebm gj\u00eb q\u00eb \u00ebsht\u00eb e dhimbshme n\u00ebse nj\u00eb kombi do t\u2019i largohet e gjith\u00eb rinia ai \u00ebsht\u00eb i destinuar t\u00eb vdes\u00eb.\u201d<\/p>\n","protected":false},"excerpt":{"rendered":"<p>Gjat\u00eb intervist\u00ebs p\u00ebr Z\u00ebrin e Amerik\u00ebs, Kryetarja e L\u00ebvizjes Socialiste p\u00ebr Integrim, Monika Kryemadhi, \u00ebsht\u00eb pyetur n\u00eb lidhje me marr\u00ebdh\u00ebniet sot t\u00eb LSI me PD, si dhe zhvillimet e brendshme n\u00eb Partin\u00eb Demokratike. Kryemadhi nuk ka dashur t\u00eb komentoj\u00eb se \u2018\u00e7far\u00eb po ndodh n\u00eb partin\u00eb tjet\u00ebr opozitare\u2018, por ka shtuar se \u2018e ashtuquajtura opozit\u00eb, po [&hellip;]<\/p>\n","protected":false},"author":2031,"featured_media":158035,"comment_status":"closed","ping_status":"closed","sticky":false,"template":"","format":"standard","meta":{"footnotes":""},"categories":[231],"tags":[],"class_list":{"0":"post-214938","1":"post","2":"type-post","3":"status-publish","4":"format-standard","5":"has-post-thumbnail","7":"category-lajme"},"_links":{"self":[{"href":"https:\/\/zjarr.tv\/sq\/wp-json\/wp\/v2\/posts\/214938","targetHints":{"allow":["GET"]}}],"collection":[{"href":"https:\/\/zjarr.tv\/sq\/wp-json\/wp\/v2\/posts"}],"about":[{"href":"https:\/\/zjarr.tv\/sq\/wp-json\/wp\/v2\/types\/post"}],"author":[{"embeddable":true,"href":"https:\/\/zjarr.tv\/sq\/wp-json\/wp\/v2\/users\/2031"}],"replies":[{"embeddable":true,"href":"https:\/\/zjarr.tv\/sq\/wp-json\/wp\/v2\/comments?post=214938"}],"version-history":[{"count":0,"href":"https:\/\/zjarr.tv\/sq\/wp-json\/wp\/v2\/posts\/214938\/revisions"}],"wp:featuredmedia":[{"embeddable":true,"href":"https:\/\/zjarr.tv\/sq\/wp-json\/wp\/v2\/media\/158035"}],"wp:attachment":[{"href":"https:\/\/zjarr.tv\/sq\/wp-json\/wp\/v2\/media?parent=214938"}],"wp:term":[{"taxonomy":"category","embeddable":true,"href":"https:\/\/zjarr.tv\/sq\/wp-json\/wp\/v2\/categories?post=214938"},{"taxonomy":"post_tag","embeddable":true,"href":"https:\/\/zjarr.tv\/sq\/wp-json\/wp\/v2\/tags?post=214938"}],"curies":[{"name":"wp","href":"https:\/\/api.w.org\/{rel}","templated":true}]}}