{"id":214960,"date":"2021-10-31T12:05:23","date_gmt":"2021-10-31T11:05:23","guid":{"rendered":"https:\/\/zjarr.tv\/?p=214960"},"modified":"2021-10-31T12:16:24","modified_gmt":"2021-10-31T11:16:24","slug":"prishja-e-shtepive-rames-do-ja-marrim-hakun-7-me-1-do-bllokojme-kryeministrine-kufirin-ai-do-e-kete-ne-fund-te-dheut","status":"publish","type":"post","link":"https:\/\/zjarr.tv\/sq\/prishja-e-shtepive-rames-do-ja-marrim-hakun-7-me-1-do-bllokojme-kryeministrine-kufirin-ai-do-e-kete-ne-fund-te-dheut\/","title":{"rendered":"Prishja e sht\u00ebpive\/ \u201cRam\u00ebs do ja marrim hakun 7 me 1: Do bllokojm\u00eb kryeministrin\u00eb, kufirin ai do e ket\u00eb n\u00eb fund t\u00eb dheut"},"content":{"rendered":"<p>N\u00ebnkryetari i PD Alfred Rushaj takoi dit\u00ebn e sotme banor\u00ebt e zon\u00ebs \u201c5 maji\u201d, n\u00eb Tiran\u00eb, t\u00eb cil\u00ebt pretendojn\u00eb se qeveria po i prish sht\u00ebpiat pa i d\u00ebmshp\u00ebrblyer. N\u00eb takimin me Rushajn nj\u00eb banor paralajm\u00ebroi Ram\u00ebn dhe zyrtar\u00eb t\u00eb tjer\u00eb se nj\u00eb dit\u00eb do t\u00eb lene karrigen dhe ata do t\u00eb hakmerren 7 me 1 p\u00ebr sht\u00ebpit\u00eb e tyre.<\/p>\n<p><em>\u201cMendojini mir\u00eb kur t\u2019i prishni sht\u00ebpit\u00eb tona se nj\u00eb dit\u00eb at\u00eb karrige do ta lini dhe do jua marrim hakun 7 p\u00ebr 1. Mbajeni mend! Kur erdhi te shpia ime n\u00eb janar i tha babit tim do t\u2019i shtroj rrug\u00ebn\u201d,<\/em> tha banori. M\u00eb e revoltuar ishte nje zonj\u00eb e cila i b\u00ebri thirrje popullit t\u00eb ngrihet e t\u00eb bllokoj\u00eb kryeministrin\u00eb. Ajo shtoi se RTama flet p\u00ebr kufijt\u00eb e veriut ama kufiri i tij do t\u00eb jet\u00eb dheu.<\/p>\n<p><em>\u201cUn\u00eb vij p\u00ebr sht\u00ebpin\u00eb e motrave t\u00eb mija. N\u00ebse un\u00eb s\u2019kam shpi nuk ka dhe komshiu. I b\u00ebj thirrje t\u00eb gjith\u00eb popullit shqiptar t\u00eb shkojm\u00eb te kryeministria t\u00eb bllokojm\u00eb kryeministrin\u00eb dhe Edi Rama t\u00eb mos futet. Edi Ram\u00ebn do ta rr\u00ebzojm\u00eb or\u00eb e m\u00eb par\u00eb t\u00eb mos e leme me na bo ligjin \u00ebn shtepite tona. Kufirin ai do ta ket\u00eb n\u00eb fund t\u00eb dheut\u201d,<\/em>\u00a0tha ajo.<\/p>\n<p>Nga ana tjet\u00ebr, Rushaj u shpreh se qeveria po tall\u00ebt me rreth 5 mij\u00eb banor\u00eb t\u00eb zon\u00ebs me kontratat e qeras\u00eb. \u201c<em>Kontrata \u00ebsht\u00eb nj\u00eb turp. Aty thuhet po ta prish sht\u00ebpin\u00eb dhe t\u00eb premtoj se pak m\u00eb von\u00eb do t\u00eb t\u00eb them, n\u00ebse do t\u00eb marr\u00ebsh apo jo shtepi, kur, ku dhe si do ta marr\u00ebsh. Duhet lexuar kontrata p\u00ebr t\u00eb par\u00eb sesi qeveria tallet me njer\u00ebzit.\u201d<\/em>\u2013 tha zoti Rushaj.<\/p>\n<p>Banor\u00ebt e zon\u00ebs \u201c5 Maji\u201d vun\u00eb n\u00eb dukje se aty jo vet\u00ebm nuk ka shkuar asnj\u00eb deputet i PS, por asnj\u00eb nga institucionet, p\u00ebrfshir\u00eb bashkin\u00eb dhe kryeminstrin\u00eb nuk p\u00ebrgjigjen p\u00ebr t\u2019u dh\u00ebn\u00eb shpjegime. \u201d<em>K\u00ebta i kan\u00eb bllokuar legalizimet, se kan\u00eb interesat e veta me vjedh\u00eb pronat tona. \u00c7far\u00eb duhet t\u00eb na b\u00ebjn\u00eb tjet\u00ebr, ve\u00e7se t\u00eb na vrasin.<\/em>\u201c thon\u00eb ata.<\/p>\n","protected":false},"excerpt":{"rendered":"<p>N\u00ebnkryetari i PD Alfred Rushaj takoi dit\u00ebn e sotme banor\u00ebt e zon\u00ebs \u201c5 maji\u201d, n\u00eb Tiran\u00eb, t\u00eb cil\u00ebt pretendojn\u00eb se qeveria po i prish sht\u00ebpiat pa i d\u00ebmshp\u00ebrblyer. N\u00eb takimin me Rushajn nj\u00eb banor paralajm\u00ebroi Ram\u00ebn dhe zyrtar\u00eb t\u00eb tjer\u00eb se nj\u00eb dit\u00eb do t\u00eb lene karrigen dhe ata do t\u00eb hakmerren 7 me 1 [&hellip;]<\/p>\n","protected":false},"author":2020,"featured_media":214961,"comment_status":"closed","ping_status":"closed","sticky":false,"template":"","format":"standard","meta":{"footnotes":""},"categories":[241,5380,231,235],"tags":[451],"class_list":{"0":"post-214960","1":"post","2":"type-post","3":"status-publish","4":"format-standard","5":"has-post-thumbnail","7":"category-aktualitet","8":"category-kryesore","9":"category-lajme","10":"category-vendi","11":"tag-lajme-zjarr"},"_links":{"self":[{"href":"https:\/\/zjarr.tv\/sq\/wp-json\/wp\/v2\/posts\/214960","targetHints":{"allow":["GET"]}}],"collection":[{"href":"https:\/\/zjarr.tv\/sq\/wp-json\/wp\/v2\/posts"}],"about":[{"href":"https:\/\/zjarr.tv\/sq\/wp-json\/wp\/v2\/types\/post"}],"author":[{"embeddable":true,"href":"https:\/\/zjarr.tv\/sq\/wp-json\/wp\/v2\/users\/2020"}],"replies":[{"embeddable":true,"href":"https:\/\/zjarr.tv\/sq\/wp-json\/wp\/v2\/comments?post=214960"}],"version-history":[{"count":0,"href":"https:\/\/zjarr.tv\/sq\/wp-json\/wp\/v2\/posts\/214960\/revisions"}],"wp:featuredmedia":[{"embeddable":true,"href":"https:\/\/zjarr.tv\/sq\/wp-json\/wp\/v2\/media\/214961"}],"wp:attachment":[{"href":"https:\/\/zjarr.tv\/sq\/wp-json\/wp\/v2\/media?parent=214960"}],"wp:term":[{"taxonomy":"category","embeddable":true,"href":"https:\/\/zjarr.tv\/sq\/wp-json\/wp\/v2\/categories?post=214960"},{"taxonomy":"post_tag","embeddable":true,"href":"https:\/\/zjarr.tv\/sq\/wp-json\/wp\/v2\/tags?post=214960"}],"curies":[{"name":"wp","href":"https:\/\/api.w.org\/{rel}","templated":true}]}}