{"id":214975,"date":"2021-10-31T12:49:11","date_gmt":"2021-10-31T11:49:11","guid":{"rendered":"https:\/\/zjarr.tv\/?p=214975"},"modified":"2021-10-31T12:49:11","modified_gmt":"2021-10-31T11:49:11","slug":"behu-ti-trajner-i-vllaznise-e-une-specialist-nga-karrigia-brdaric-nuk-permbahet-me-ne-fund-dikush-ia-perplas-hafizit","status":"publish","type":"post","link":"https:\/\/zjarr.tv\/sq\/behu-ti-trajner-i-vllaznise-e-une-specialist-nga-karrigia-brdaric-nuk-permbahet-me-ne-fund-dikush-ia-perplas-hafizit\/","title":{"rendered":"\u201cB\u00ebhu ti trajner i Vllaznis\u00eb e un\u00eb specialist nga karrigia\u201d: Brdaric nuk p\u00ebrmbahet, m\u00eb n\u00eb fund dikush ia \u2018p\u00ebrplas\u2019 Hafizit"},"content":{"rendered":"<p>Analizat nga studio b\u00ebhen leht\u00eb, duke qen\u00eb se nuk ke asnj\u00eb p\u00ebrgjegj\u00ebsi, sidomos rezultati. Kritikat e Astrit Hafizit, sidomos p\u00ebr trajner\u00ebt e huaj, duke filluar nga ai i komb\u00ebtares Edoardo Reja e deri te ai i Vllaznis\u00eb Thomas Brdaric jan\u00eb b\u00ebr\u00eb refren i zakonsh\u00ebm, por pas ndeshjes mes Vllaznis\u00eb e Tiran\u00ebs, q\u00eb shkodran\u00ebt e humb\u00ebn 0-2 debati ka marr\u00eb tone t\u00eb ashpra aq sa gjermani i \u00ebsht\u00eb kthyer keq live n\u00eb lidhje direkte me studion, n\u00eb intervist\u00ebn pas ndeshjes<\/p>\n<p>\u201cN\u00eb sezonin e kaluar kam b\u00ebr\u00eb komplimente p\u00ebr at\u00eb q\u00eb keni dh\u00ebn\u00eb p\u00ebr Vllaznin\u00eb. Por sot nuk mund ta them nj\u00eb gj\u00eb t\u00eb till\u00eb, keni nj\u00eb p\u00ebrgjegj\u00ebsi p\u00ebr k\u00ebto 7 jav\u00eb mendoj un\u00eb\u201d e nisi Hafizi, duke marr\u00eb p\u00ebrgjigjen e teknikut Brdari\u00e7 \u2013 \u201cA doni t\u00eb flasim p\u00ebr sot apo p\u00ebr t\u00eb gjith\u00eb sezonin? Se at\u00ebher\u00eb duhet t\u00eb takohemi e t\u00eb flasim 2 or\u00eb p\u00ebr t\u00eb dhe t\u00eb shpjegoj si punohet k\u00ebtu n\u00eb Shkod\u00ebr. OK? Ej \u00e7una\u2026 Un\u00eb nuk e kuptoj k\u00ebt\u00eb analiz\u00eb tani\u201d.<\/p>\n<p>N\u00eb k\u00ebt\u00eb pik\u00eb ka ardhur edhe sulmi i zakonsh\u00ebm i Hafizit: Po e shikoj se nj\u00eb v\u00ebrejtje t\u00eb b\u00ebra dhe reagove k\u00ebshtu. Komplimentet i more mir\u00eb. Mos thoni analizojm\u00eb, nuk keni analizuar fare. Kjo \u00ebsht\u00eb p\u00ebrgjegj\u00ebsi e juaja\u201d. E gjermani nuk ka hezituar fare ti tregoj\u00eb pozitat: \u201cMund t\u00eb ndryshojm\u00eb pozicionet, ti b\u00ebhu trajneri i Vllaznis\u00eb dhe un\u00eb specialist i \u201cSuperSport\u201d. N\u00eb rregull?\u201d<\/p>\n<p>Hafizi n\u00eb 5 vjet si trajner i Vllaznis\u00eb \u00ebsht\u00eb shpallur nj\u00ebher\u00eb kampion n\u00eb 92, nd\u00ebrsa \u00ebsht\u00eb mundur n\u00eb finalen e Superkup\u00ebs. Brdaric, n\u00eb vitin e par\u00eb n\u00eb drejtimin e kuqebluve u rendit i dyti, vet\u00ebm me diferenc\u00eb golash ndaj Teut\u00ebs, nd\u00ebrsa fitoi Kup\u00ebn e Shqip\u00ebris\u00eb e Superkup\u00ebn.<\/p>\n","protected":false},"excerpt":{"rendered":"<p>Analizat nga studio b\u00ebhen leht\u00eb, duke qen\u00eb se nuk ke asnj\u00eb p\u00ebrgjegj\u00ebsi, sidomos rezultati. Kritikat e Astrit Hafizit, sidomos p\u00ebr trajner\u00ebt e huaj, duke filluar nga ai i komb\u00ebtares Edoardo Reja e deri te ai i Vllaznis\u00eb Thomas Brdaric jan\u00eb b\u00ebr\u00eb refren i zakonsh\u00ebm, por pas ndeshjes mes Vllaznis\u00eb e Tiran\u00ebs, q\u00eb shkodran\u00ebt e humb\u00ebn [&hellip;]<\/p>\n","protected":false},"author":2020,"featured_media":214976,"comment_status":"closed","ping_status":"closed","sticky":false,"template":"","format":"standard","meta":{"footnotes":""},"categories":[5380,231,192],"tags":[],"class_list":{"0":"post-214975","1":"post","2":"type-post","3":"status-publish","4":"format-standard","5":"has-post-thumbnail","7":"category-kryesore","8":"category-lajme","9":"category-sport"},"_links":{"self":[{"href":"https:\/\/zjarr.tv\/sq\/wp-json\/wp\/v2\/posts\/214975","targetHints":{"allow":["GET"]}}],"collection":[{"href":"https:\/\/zjarr.tv\/sq\/wp-json\/wp\/v2\/posts"}],"about":[{"href":"https:\/\/zjarr.tv\/sq\/wp-json\/wp\/v2\/types\/post"}],"author":[{"embeddable":true,"href":"https:\/\/zjarr.tv\/sq\/wp-json\/wp\/v2\/users\/2020"}],"replies":[{"embeddable":true,"href":"https:\/\/zjarr.tv\/sq\/wp-json\/wp\/v2\/comments?post=214975"}],"version-history":[{"count":0,"href":"https:\/\/zjarr.tv\/sq\/wp-json\/wp\/v2\/posts\/214975\/revisions"}],"wp:featuredmedia":[{"embeddable":true,"href":"https:\/\/zjarr.tv\/sq\/wp-json\/wp\/v2\/media\/214976"}],"wp:attachment":[{"href":"https:\/\/zjarr.tv\/sq\/wp-json\/wp\/v2\/media?parent=214975"}],"wp:term":[{"taxonomy":"category","embeddable":true,"href":"https:\/\/zjarr.tv\/sq\/wp-json\/wp\/v2\/categories?post=214975"},{"taxonomy":"post_tag","embeddable":true,"href":"https:\/\/zjarr.tv\/sq\/wp-json\/wp\/v2\/tags?post=214975"}],"curies":[{"name":"wp","href":"https:\/\/api.w.org\/{rel}","templated":true}]}}