{"id":214978,"date":"2021-10-31T13:04:24","date_gmt":"2021-10-31T12:04:24","guid":{"rendered":"https:\/\/zjarr.tv\/?p=214978"},"modified":"2021-10-31T13:04:24","modified_gmt":"2021-10-31T12:04:24","slug":"me-vere-dhe-muzike-te-mire-saimir-tahiri-feston-ditelindjen-kendon-me-aleksander-gjoken","status":"publish","type":"post","link":"https:\/\/zjarr.tv\/sq\/me-vere-dhe-muzike-te-mire-saimir-tahiri-feston-ditelindjen-kendon-me-aleksander-gjoken\/","title":{"rendered":"Me ver\u00eb dhe muzik\u00eb t\u00eb mire, Saimir Tahiri feston dit\u00eblindjen, k\u00ebndon me Aleksand\u00ebr Gjok\u00ebn"},"content":{"rendered":"<p>Ish-ministri i Brendsh\u00ebm, Saimir Tahiri, ka festuar mbr\u00ebmjen e djeshme dit\u00eblindjen e tij, ku mbush plot 42-vje\u00e7.<\/p>\n<p>N\u00eb rrjetet sociale, jan\u00eb ndar\u00eb pamje nga festa q\u00eb u organizua p\u00ebr t\u00eb.<\/p>\n<p>Ish-ministri \u00ebsht\u00eb par\u00eb me nj\u00eb got\u00eb ver\u00eb n\u00eb dor\u00eb, pran\u00eb k\u00ebng\u00ebtarit t\u00eb njohur Aleksand\u00ebr Gjoka dhe band\u00ebs muzikore.<\/p>\n<p>Tahiri ka konsumuar edhe ver\u00eb dhe her\u00eb pas here, ka k\u00ebnduar pjes\u00eb t\u00eb k\u00ebng\u00ebs bashk\u00eb me k\u00ebng\u00ebtarin.<\/p>\n","protected":false},"excerpt":{"rendered":"<p>Ish-ministri i Brendsh\u00ebm, Saimir Tahiri, ka festuar mbr\u00ebmjen e djeshme dit\u00eblindjen e tij, ku mbush plot 42-vje\u00e7. N\u00eb rrjetet sociale, jan\u00eb ndar\u00eb pamje nga festa q\u00eb u organizua p\u00ebr t\u00eb. Ish-ministri \u00ebsht\u00eb par\u00eb me nj\u00eb got\u00eb ver\u00eb n\u00eb dor\u00eb, pran\u00eb k\u00ebng\u00ebtarit t\u00eb njohur Aleksand\u00ebr Gjoka dhe band\u00ebs muzikore. Tahiri ka konsumuar edhe ver\u00eb dhe her\u00eb [&hellip;]<\/p>\n","protected":false},"author":2020,"featured_media":214979,"comment_status":"closed","ping_status":"closed","sticky":false,"template":"","format":"standard","meta":{"footnotes":""},"categories":[5380,231],"tags":[451],"class_list":{"0":"post-214978","1":"post","2":"type-post","3":"status-publish","4":"format-standard","5":"has-post-thumbnail","7":"category-kryesore","8":"category-lajme","9":"tag-lajme-zjarr"},"_links":{"self":[{"href":"https:\/\/zjarr.tv\/sq\/wp-json\/wp\/v2\/posts\/214978","targetHints":{"allow":["GET"]}}],"collection":[{"href":"https:\/\/zjarr.tv\/sq\/wp-json\/wp\/v2\/posts"}],"about":[{"href":"https:\/\/zjarr.tv\/sq\/wp-json\/wp\/v2\/types\/post"}],"author":[{"embeddable":true,"href":"https:\/\/zjarr.tv\/sq\/wp-json\/wp\/v2\/users\/2020"}],"replies":[{"embeddable":true,"href":"https:\/\/zjarr.tv\/sq\/wp-json\/wp\/v2\/comments?post=214978"}],"version-history":[{"count":0,"href":"https:\/\/zjarr.tv\/sq\/wp-json\/wp\/v2\/posts\/214978\/revisions"}],"wp:featuredmedia":[{"embeddable":true,"href":"https:\/\/zjarr.tv\/sq\/wp-json\/wp\/v2\/media\/214979"}],"wp:attachment":[{"href":"https:\/\/zjarr.tv\/sq\/wp-json\/wp\/v2\/media?parent=214978"}],"wp:term":[{"taxonomy":"category","embeddable":true,"href":"https:\/\/zjarr.tv\/sq\/wp-json\/wp\/v2\/categories?post=214978"},{"taxonomy":"post_tag","embeddable":true,"href":"https:\/\/zjarr.tv\/sq\/wp-json\/wp\/v2\/tags?post=214978"}],"curies":[{"name":"wp","href":"https:\/\/api.w.org\/{rel}","templated":true}]}}