{"id":214985,"date":"2021-10-31T13:26:26","date_gmt":"2021-10-31T12:26:26","guid":{"rendered":"https:\/\/zjarr.tv\/?p=214985"},"modified":"2021-10-31T13:26:26","modified_gmt":"2021-10-31T12:26:26","slug":"vendimi-dosja-nuk-ka-asnje-fakt-si-u-katandis-qendrimi-i-dash-per-ish-kryeministrin-berisha","status":"publish","type":"post","link":"https:\/\/zjarr.tv\/sq\/vendimi-dosja-nuk-ka-asnje-fakt-si-u-katandis-qendrimi-i-dash-per-ish-kryeministrin-berisha\/","title":{"rendered":"Vendimi, dosja nuk ka asnj\u00eb fakt, si u katandis q\u00ebndrimi i DASH p\u00ebr ish-kryeministrin Berisha"},"content":{"rendered":"<p>Duke folur nga Foltorja e Lezh\u00ebs, lideri historik demokrat, Sali Berisha tha se jo vet\u00ebm q\u00eb Gjykata e Parisit ka pranuar padin\u00eb e tij ndaj Sekretarit t\u00eb Shtetit, Antony Blinken, por theksoi se miqt\u00eb e tij i kan\u00eb th\u00ebn\u00eb se dosja ndaj tij nuk ka asnj\u00eb fakt dhe asnj\u00eb prov\u00eb.<\/p>\n<p>Q\u00eb pas shpalljes s\u00eb vendimit, Berisha ka k\u00ebrkuar nga zyrtar\u00ebt e DASH, por edhe nga \u00e7do shtetar tjet\u00ebr, t\u00eb jap\u00eb prova p\u00ebr mas\u00ebn e marr\u00eb ndaj tij.<\/p>\n<p>Megjithat\u00eb, asgj\u00eb nuk i \u00ebsht\u00eb ofruar publikut dhe as pal\u00ebve t\u00eb interesuara. Por bie n\u00eb sy nj\u00eb gj\u00eb interesante. Gazeta e r\u00ebnd\u00ebsishme e Kryeqytetit amerikan, Washington Times, ka pyetur Departamentin e Shtetit se cilat jan\u00eb provat ndaj Berish\u00ebs. DASH ka reaguar duke th\u00ebn\u00eb se kan\u00eb \u201cinformacione t\u00eb besueshme\u201d. Pra nuk p\u00ebrmenden askund faktet dhe provat.<\/p>\n<p>Ky \u00ebsht\u00eb q\u00ebndrim i kund\u00ebrt nga komenti i ambasadores Yuri Kim m\u00eb 15 Tetor, e cila tha se \u201cka prova t\u00eb pamohueshme\u201d. Kujtojm\u00eb se n\u00eb fillim t\u00eb k\u00ebsaj historie, DASH e pranoi se informacionet p\u00ebr Berishen, u kan\u00eb ardhur nga organizatat joqeveritare.<\/p>\n<p>Nd\u00ebrkoh\u00eb gazetari i njohur amerikan, Matt Palumbo, ka raportuar disa her\u00eb se dosja e Berish\u00ebs, \u00ebsht\u00eb dor\u00ebzuar n\u00eb DASH nga nj\u00eb OJQ e drejtuar nga ish-partnerja e Edi Ram\u00ebs, Delina Fico dhe e sponsorizuar nga George Soros.<\/p>\n","protected":false},"excerpt":{"rendered":"<p>Duke folur nga Foltorja e Lezh\u00ebs, lideri historik demokrat, Sali Berisha tha se jo vet\u00ebm q\u00eb Gjykata e Parisit ka pranuar padin\u00eb e tij ndaj Sekretarit t\u00eb Shtetit, Antony Blinken, por theksoi se miqt\u00eb e tij i kan\u00eb th\u00ebn\u00eb se dosja ndaj tij nuk ka asnj\u00eb fakt dhe asnj\u00eb prov\u00eb. Q\u00eb pas shpalljes s\u00eb vendimit, [&hellip;]<\/p>\n","protected":false},"author":2020,"featured_media":214986,"comment_status":"closed","ping_status":"closed","sticky":false,"template":"","format":"standard","meta":{"footnotes":""},"categories":[241,5380,231,235],"tags":[451],"class_list":{"0":"post-214985","1":"post","2":"type-post","3":"status-publish","4":"format-standard","5":"has-post-thumbnail","7":"category-aktualitet","8":"category-kryesore","9":"category-lajme","10":"category-vendi","11":"tag-lajme-zjarr"},"_links":{"self":[{"href":"https:\/\/zjarr.tv\/sq\/wp-json\/wp\/v2\/posts\/214985","targetHints":{"allow":["GET"]}}],"collection":[{"href":"https:\/\/zjarr.tv\/sq\/wp-json\/wp\/v2\/posts"}],"about":[{"href":"https:\/\/zjarr.tv\/sq\/wp-json\/wp\/v2\/types\/post"}],"author":[{"embeddable":true,"href":"https:\/\/zjarr.tv\/sq\/wp-json\/wp\/v2\/users\/2020"}],"replies":[{"embeddable":true,"href":"https:\/\/zjarr.tv\/sq\/wp-json\/wp\/v2\/comments?post=214985"}],"version-history":[{"count":0,"href":"https:\/\/zjarr.tv\/sq\/wp-json\/wp\/v2\/posts\/214985\/revisions"}],"wp:featuredmedia":[{"embeddable":true,"href":"https:\/\/zjarr.tv\/sq\/wp-json\/wp\/v2\/media\/214986"}],"wp:attachment":[{"href":"https:\/\/zjarr.tv\/sq\/wp-json\/wp\/v2\/media?parent=214985"}],"wp:term":[{"taxonomy":"category","embeddable":true,"href":"https:\/\/zjarr.tv\/sq\/wp-json\/wp\/v2\/categories?post=214985"},{"taxonomy":"post_tag","embeddable":true,"href":"https:\/\/zjarr.tv\/sq\/wp-json\/wp\/v2\/tags?post=214985"}],"curies":[{"name":"wp","href":"https:\/\/api.w.org\/{rel}","templated":true}]}}