{"id":215018,"date":"2021-10-31T15:09:27","date_gmt":"2021-10-31T14:09:27","guid":{"rendered":"https:\/\/zjarr.tv\/?p=215018"},"modified":"2021-10-31T15:09:27","modified_gmt":"2021-10-31T14:09:27","slug":"gafa-e-rende-e-opozites-me-eurobondin","status":"publish","type":"post","link":"https:\/\/zjarr.tv\/sq\/gafa-e-rende-e-opozites-me-eurobondin\/","title":{"rendered":"Gafa e r\u00ebnd\u00eb e opozit\u00ebs me Eurobondin"},"content":{"rendered":"<p><strong>Nga Klodian Tomorri<\/strong><\/p>\n<p>Abstenimi i opozit\u00ebs n\u00eb votimin e projektligjit p\u00ebr Eurobondin \u00ebsht\u00eb gabim i r\u00ebnd\u00eb politik. Justifikimi se nuk mund t\u00eb votohet kund\u00ebr marr\u00ebveshjeve nd\u00ebrkomb\u00ebtare \u00ebsht\u00eb i rrem\u00eb. Eurobondi \u00ebsht\u00eb nj\u00eb operacion i past\u00ebr tregtar dhe nuk ka asnj\u00eb lidhje me marr\u00ebveshjet nd\u00ebrkomb\u00ebtare.<\/p>\n<p>Justifikimi tjet\u00ebr se edhe n\u00eb 2015-\u00ebn opozita nuk ka votuar kund\u00ebr s\u00ebrish nuk qendron. N\u00eb 2015-\u00ebn opozita nuk mori pjes\u00eb fare n\u00eb votimin p\u00ebr Eurobondin. Bojkoti \u00ebsht\u00eb nj\u00eb veprim shum\u00eb m\u00eb i fort\u00eb se abstenimi. Sepse n\u00eb bojkot ti nuk merr pjes\u00eb n\u00eb vendimarrje, ndersa me abstenim njeh vendimarrjen dhe thjesht tregohesh neutral ndaj saj. Pra nuk ke kund\u00ebrshtim. Tani pse \u00ebsht\u00eb gabim i r\u00ebnd\u00eb politik? Nese ka nj\u00eb ligj, ku opozita \u00ebsht\u00eb e detyruar t\u00eb votoj\u00eb gjithmon\u00eb kund\u00ebr qeveris\u00eb, ai \u00ebsht\u00eb buxheti dhe paketa e drafteve t\u00eb lidhura me t\u00eb. Eurobondi \u00ebsht\u00eb pjes\u00eb e buxhetit, sepse praktikisht \u00ebsht\u00eb operacion i financimit t\u00eb deficitit.<\/p>\n<p>N\u00ebse nj\u00eb opozit\u00eb nuk voton kund\u00ebr paket\u00ebs s\u00eb ligjeve t\u00eb buxhetit at\u00ebher\u00eb ajo b\u00ebhet automatikisht pjes\u00eb e qeveris\u00eb, ose shtojc\u00eb e saj. N\u00eb praktik\u00ebn e demokracive t\u00eb konsoliduara, opozita jep vot\u00eb p\u00ebr buxhetin vet\u00ebm kundrejt marr\u00ebveshjeve, ku ajo p\u00ebrfiton di\u00e7ka tjet\u00ebr n\u00eb k\u00ebmbim.<\/p>\n<p>P\u00ebr shembull republikan\u00ebt n\u00eb SHBA bien dakord t\u00eb rrisin kufirin e borxhit, vet\u00ebm n\u00ebse demokrat\u00ebt pranojn\u00eb n\u00eb k\u00ebmbim uljen e taksave. Apo anasjelltas. Pra \u00ebsht\u00eb trade-off i past\u00ebr politik. Ti cedon tek nj\u00eb parim i yti, por avancon nj\u00eb \u00e7eshtje tjet\u00ebr. Por t\u00eb mos i biesh buxhetit kok\u00ebs, kur nuk ke marr\u00eb asnj\u00eb p\u00ebrfitim, \u00ebsht\u00eb autogol politik.<\/p>\n<p>Une nuk mendoj se Basha ka b\u00ebr\u00eb marreveshje me Ram\u00ebn dhe se abstenimi i opozit\u00ebs p\u00ebr Eurobondin \u00ebsht\u00eb pjes\u00eb e nj\u00eb platforme t\u00eb fsheht\u00eb bashk\u00ebqeverisje. M\u00eb shum\u00eb me duket si veprim kaotik. Opozita ka humbur identitetin politik dhe nuk di t\u00eb b\u00ebj\u00eb me rolin e saj. Tani nuk di t\u00eb them, cila nga k\u00ebto t\u00eb dyja \u00ebsht\u00eb m\u00eb e r\u00ebnd\u00eb, por nj\u00eb opozit\u00eb q\u00eb b\u00ebn autogole t\u00eb ketij lloji, nuk i ka pun\u00ebt hi\u00e7 mir\u00eb.<\/p>\n","protected":false},"excerpt":{"rendered":"<p>Nga Klodian Tomorri Abstenimi i opozit\u00ebs n\u00eb votimin e projektligjit p\u00ebr Eurobondin \u00ebsht\u00eb gabim i r\u00ebnd\u00eb politik. Justifikimi se nuk mund t\u00eb votohet kund\u00ebr marr\u00ebveshjeve nd\u00ebrkomb\u00ebtare \u00ebsht\u00eb i rrem\u00eb. Eurobondi \u00ebsht\u00eb nj\u00eb operacion i past\u00ebr tregtar dhe nuk ka asnj\u00eb lidhje me marr\u00ebveshjet nd\u00ebrkomb\u00ebtare. Justifikimi tjet\u00ebr se edhe n\u00eb 2015-\u00ebn opozita nuk ka votuar kund\u00ebr [&hellip;]<\/p>\n","protected":false},"author":2020,"featured_media":215019,"comment_status":"closed","ping_status":"closed","sticky":false,"template":"","format":"standard","meta":{"footnotes":""},"categories":[241,231],"tags":[5118,451],"class_list":{"0":"post-215018","1":"post","2":"type-post","3":"status-publish","4":"format-standard","5":"has-post-thumbnail","7":"category-aktualitet","8":"category-lajme","9":"tag-klodian-tomorri","10":"tag-lajme-zjarr"},"_links":{"self":[{"href":"https:\/\/zjarr.tv\/sq\/wp-json\/wp\/v2\/posts\/215018","targetHints":{"allow":["GET"]}}],"collection":[{"href":"https:\/\/zjarr.tv\/sq\/wp-json\/wp\/v2\/posts"}],"about":[{"href":"https:\/\/zjarr.tv\/sq\/wp-json\/wp\/v2\/types\/post"}],"author":[{"embeddable":true,"href":"https:\/\/zjarr.tv\/sq\/wp-json\/wp\/v2\/users\/2020"}],"replies":[{"embeddable":true,"href":"https:\/\/zjarr.tv\/sq\/wp-json\/wp\/v2\/comments?post=215018"}],"version-history":[{"count":0,"href":"https:\/\/zjarr.tv\/sq\/wp-json\/wp\/v2\/posts\/215018\/revisions"}],"wp:featuredmedia":[{"embeddable":true,"href":"https:\/\/zjarr.tv\/sq\/wp-json\/wp\/v2\/media\/215019"}],"wp:attachment":[{"href":"https:\/\/zjarr.tv\/sq\/wp-json\/wp\/v2\/media?parent=215018"}],"wp:term":[{"taxonomy":"category","embeddable":true,"href":"https:\/\/zjarr.tv\/sq\/wp-json\/wp\/v2\/categories?post=215018"},{"taxonomy":"post_tag","embeddable":true,"href":"https:\/\/zjarr.tv\/sq\/wp-json\/wp\/v2\/tags?post=215018"}],"curies":[{"name":"wp","href":"https:\/\/api.w.org\/{rel}","templated":true}]}}