{"id":215620,"date":"2021-11-03T12:18:15","date_gmt":"2021-11-03T11:18:15","guid":{"rendered":"https:\/\/zjarr.tv\/?p=215620"},"modified":"2021-11-03T12:18:15","modified_gmt":"2021-11-03T11:18:15","slug":"milaim-zeka-e-leshon-gojen-keq-dhe-plas-deklaraten-e-forte-nuk-ma-ndjen-per-edi-ramen","status":"publish","type":"post","link":"https:\/\/zjarr.tv\/sq\/milaim-zeka-e-leshon-gojen-keq-dhe-plas-deklaraten-e-forte-nuk-ma-ndjen-per-edi-ramen\/","title":{"rendered":"Milaim Zeka e l\u00ebshon goj\u00ebn keq dhe plas deklarat\u00ebn e fort\u00eb: Nuk ma ndjen p\u00ebr Edi Ram\u00ebn"},"content":{"rendered":"<p>Analisti Milaim Zeka shp\u00ebrtheu keq sot n\u00eb emisionin \u2018Breaking\u2019 teksa po komentonte situat\u00ebn politike n\u00eb Kosov\u00eb dhe nism\u00ebn \u2018Open Ballkan\u2019. Sipas tij nj\u00eb pjes\u00eb klas\u00ebs politike shqiptare \u00ebsht\u00eb e lidhur me Beogradin dhe se nuk duan q\u00eb integrimi i Kosov\u00ebs t\u00eb\u00a0<em>kaloj\u00eb n\u00ebp\u00ebr Tiran\u00eb, por me Serbin\u00eb.<\/em><\/p>\n<p><em>\u201cKemi \u00ebnd\u00ebrruar q\u00eb pik\u00ebn e referimit ta kemi Tiran\u00ebn, p\u00ebr jet\u00eb e mot, q\u00eb hyrja tranzit n\u00eb BE t\u00eb kaloj\u00eb p\u00ebrmes Tiran\u00ebs e jo mes Beogradit e vazhdojm\u00eb t\u00eb jemi minoritet. Shqiptar\u00ebt e Kosov\u00ebs q\u00eb e kan\u00eb mb\u00ebshtetur Jugosllavin\u00eb kan\u00eb qen\u00eb gjithmon\u00eb shumic\u00eb, e kjo shumic\u00eb ka fol shqip e ka \u00ebnd\u00ebrruar Jugosllavin\u00eb, e kan\u00eb par\u00eb q\u00eb Beogradit t\u00eb jet\u00eb pik\u00eb tranziti, jan\u00eb t\u00eb r\u00ebnd\u00ebsish\u00ebm n\u00eb Kosov\u00eb dhe me poste\u201d,<\/em>\u00a0tha Zeka.<\/p>\n<p>E pik\u00ebrisht shigjetimet lidhen me faktin e sulmeve t\u00eb politikan\u00ebve t\u00eb Kosov\u00ebs dhe Shqip\u00ebris\u00eb.<\/p>\n<p><em>\u201cEdhe mua as s\u2019m\u00eb ha palla p\u00ebr Edi Ram\u00ebn, por k\u00ebta duke shar\u00eb Edi Ram\u00ebn shajn\u00eb Shqip\u00ebrin\u00eb , e k\u00ebta njer\u00ebz kan\u00eb krijuar murin kinez, duke na etiketuar ne edhe ju. Jan\u00eb k\u00ebto njer\u00ebz q\u00eb jan\u00eb pjes\u00eb e zorr\u00ebs s\u00eb trash\u00eb t\u00eb Beogradit q\u00eb prodhojn\u00eb qelb n\u00eb Kosov\u00eb dhe n\u00eb Shqip\u00ebri. E flasin me \u201cne dhe ju\u201d, ose si\u00e7 na quajn\u00eb ne kosovar\u00ebt, apo si\u00e7 thon\u00eb p\u00ebr shkak edhe gazetar\u00ebt, si\u00e7 na thon\u00eb edhe ne shqiptar maqedonas. P\u00ebr turpin e zi t\u00eb Edi Ram\u00ebs i ka pasur k\u00ebshilltar Shk\u00eblzen Maliqin, babi i tij ka qen\u00eb minist\u00ebr n\u00eb koh\u00ebn e Titos, na ka rrahur, torturuar e posht\u00ebruar, pik\u00ebrisht se ne kemi k\u00ebrkuar t\u00eb drejta t\u00eb barabarta me popujt se kemi d\u00ebgjuar Radio Tirana e TVSH\u201d, tha Zeka.<\/em><\/p>\n<p>Nd\u00ebrsa u shpreh se Kurti ka vepruar n\u00eb m\u00ebnyr\u00eb t\u00eb \u00e7uditshme duke b\u00ebr\u00eb fushat\u00eb n\u00eb Shqip\u00ebri kund\u00ebr Edi Ram\u00ebs n\u00eb zgjedhjet e 25 prillit.<em>\u00a0\u201cTurpi i Edi Ram\u00ebs q\u00eb nuk e shpalli \u201cnon grata\u201d Kurtin, se un\u00eb do ta ndaloja se nj\u00eb kryeminist\u00ebr t\u00eb vinte n\u00eb vendin tim e t\u00eb b\u00ebnte fushat\u00eb kund\u00ebr meje\u201d<\/em>, tha ai.<\/p>\n","protected":false},"excerpt":{"rendered":"<p>Analisti Milaim Zeka shp\u00ebrtheu keq sot n\u00eb emisionin \u2018Breaking\u2019 teksa po komentonte situat\u00ebn politike n\u00eb Kosov\u00eb dhe nism\u00ebn \u2018Open Ballkan\u2019. Sipas tij nj\u00eb pjes\u00eb klas\u00ebs politike shqiptare \u00ebsht\u00eb e lidhur me Beogradin dhe se nuk duan q\u00eb integrimi i Kosov\u00ebs t\u00eb\u00a0kaloj\u00eb n\u00ebp\u00ebr Tiran\u00eb, por me Serbin\u00eb. \u201cKemi \u00ebnd\u00ebrruar q\u00eb pik\u00ebn e referimit ta kemi Tiran\u00ebn, [&hellip;]<\/p>\n","protected":false},"author":2030,"featured_media":215621,"comment_status":"closed","ping_status":"closed","sticky":false,"template":"","format":"standard","meta":{"footnotes":""},"categories":[241,3366,5380,1454],"tags":[],"class_list":{"0":"post-215620","1":"post","2":"type-post","3":"status-publish","4":"format-standard","5":"has-post-thumbnail","7":"category-aktualitet","8":"category-koment","9":"category-kryesore","10":"category-politike"},"_links":{"self":[{"href":"https:\/\/zjarr.tv\/sq\/wp-json\/wp\/v2\/posts\/215620","targetHints":{"allow":["GET"]}}],"collection":[{"href":"https:\/\/zjarr.tv\/sq\/wp-json\/wp\/v2\/posts"}],"about":[{"href":"https:\/\/zjarr.tv\/sq\/wp-json\/wp\/v2\/types\/post"}],"author":[{"embeddable":true,"href":"https:\/\/zjarr.tv\/sq\/wp-json\/wp\/v2\/users\/2030"}],"replies":[{"embeddable":true,"href":"https:\/\/zjarr.tv\/sq\/wp-json\/wp\/v2\/comments?post=215620"}],"version-history":[{"count":0,"href":"https:\/\/zjarr.tv\/sq\/wp-json\/wp\/v2\/posts\/215620\/revisions"}],"wp:featuredmedia":[{"embeddable":true,"href":"https:\/\/zjarr.tv\/sq\/wp-json\/wp\/v2\/media\/215621"}],"wp:attachment":[{"href":"https:\/\/zjarr.tv\/sq\/wp-json\/wp\/v2\/media?parent=215620"}],"wp:term":[{"taxonomy":"category","embeddable":true,"href":"https:\/\/zjarr.tv\/sq\/wp-json\/wp\/v2\/categories?post=215620"},{"taxonomy":"post_tag","embeddable":true,"href":"https:\/\/zjarr.tv\/sq\/wp-json\/wp\/v2\/tags?post=215620"}],"curies":[{"name":"wp","href":"https:\/\/api.w.org\/{rel}","templated":true}]}}