{"id":215630,"date":"2021-11-03T12:23:27","date_gmt":"2021-11-03T11:23:27","guid":{"rendered":"https:\/\/zjarr.tv\/?p=215630"},"modified":"2021-11-03T12:23:27","modified_gmt":"2021-11-03T11:23:27","slug":"astrit-patozi-e-thote-troc-nuk-shkoj-atje-ku-nuk-me-degjojne","status":"publish","type":"post","link":"https:\/\/zjarr.tv\/sq\/astrit-patozi-e-thote-troc-nuk-shkoj-atje-ku-nuk-me-degjojne\/","title":{"rendered":"Astrit Patozi e thot\u00eb tro\u00e7: Nuk shkoj atje ku nuk m\u00eb d\u00ebgjojn\u00eb"},"content":{"rendered":"<p>Ish-koordinatori i Bindjes Demokratike dhe ish-deputeti demokrat Astrit Patozi, ka deklaruar se Partis\u00eb Demokratike nuk i duhen m\u00eb ata q\u00eb jan\u00eb larguar p\u00ebrgjat\u00eb viteve nga kjo parti.<\/p>\n<p>Ai u shpreh se nuk mund t\u00eb shkoj\u00eb n\u00eb nj\u00eb parti ku nuk e d\u00ebgjojn\u00eb dhe nuk kan\u00eb koh\u00eb por z\u00ebra t\u00eb ndrysh\u00ebm, teksa shtoi se PD duhet t\u00eb mbyll\u00eb nj\u00eb her\u00eb betej\u00ebn e brendshme, t\u00eb dal\u00eb \u201cpronari\u201d i saj dhe pastaj ai t\u00eb mendoj\u00eb se \u00e7far\u00eb do t\u00eb b\u00ebj\u00eb n\u00eb t\u00eb ardhmen.<\/p>\n<p><em style=\"font-weight: inherit;\">\u201cUn\u00eb mendoj q\u00eb ne q\u00eb kemi qen\u00eb pjes\u00eb e Partis\u00eb Demokratike, as na duhet dhe as i duhemi k\u00ebsaj partie, n\u00eb k\u00ebt\u00eb derexhe ku e ka katandisur veten. Partia Demokratike nuk ka nevoj\u00eb p\u00ebr njer\u00ebz q\u00eb mendojn\u00eb me kok\u00ebn e vet. PD-ja sot \u00ebsht\u00eb e ndar\u00eb n\u00eb dy kampe: nj\u00eb pjes\u00eb jan\u00eb kryqtar\u00ebt e Berish\u00ebs dhe t\u00eb rrethuarit n\u00eb k\u00ebshtjell\u00eb t\u00eb Lulzim Bash\u00ebs. Un\u00eb nuk mund t\u00eb shkoj diku ku nuk t\u00eb d\u00ebgjojn\u00eb dhe nuk kan\u00eb koh\u00eb p\u00ebr z\u00ebra t\u00eb ndrysh\u00ebm. PD-ja duhet t\u00eb mbyll\u00eb nj\u00eb her\u00eb betej\u00ebn e brendshme, t\u00eb dal\u00eb \u201cpronari\u201d i saj dhe pastaj ai t\u00eb mendoj\u00eb se \u00e7far\u00eb do t\u00eb b\u00ebj\u00eb n\u00eb t\u00eb ardhmen. Kjo betej\u00eb \u00ebsht\u00eb p\u00ebrligjja ekselente e kryetarokracis\u00eb. N\u00eb PD po zihen se kush \u00ebsht\u00eb pronari i vet\u00ebm i PD-s\u00eb\u201d<\/em>, deklaroi Patozi.<\/p>\n<p><em style=\"font-weight: inherit;\">\u201cDemokrat\u00ebt kan\u00eb nevoj\u00eb q\u00eb t\u00eb ken\u00eb gar\u00eb n\u00eb partin\u00eb e tyre. Nuk zgjidhet duke marr\u00eb k\u00ebdo q\u00eb ka ikur nga PD-ja dhe t\u00eb b\u00ebhet nj\u00eb bashkim mekanik. Ndoshta, askush prej nesh nuk \u00ebsht\u00eb m\u00eb i nevojsh\u00ebm. N\u00ebse PD hap gar\u00ebn brenda vetes dhe ka gar\u00eb reale, sigurisht q\u00eb v\u00ebmendja do t\u00eb jet\u00eb m\u00eb e madhe, por edhe d\u00ebshira p\u00ebr t\u00eb kontribuar do t\u00eb jet\u00eb m\u00eb e madhe. Kjo nuk ka t\u00eb b\u00ebj\u00eb me personat\u201d<\/em>, shtoi ai.<\/p>\n","protected":false},"excerpt":{"rendered":"<p>Ish-koordinatori i Bindjes Demokratike dhe ish-deputeti demokrat Astrit Patozi, ka deklaruar se Partis\u00eb Demokratike nuk i duhen m\u00eb ata q\u00eb jan\u00eb larguar p\u00ebrgjat\u00eb viteve nga kjo parti. Ai u shpreh se nuk mund t\u00eb shkoj\u00eb n\u00eb nj\u00eb parti ku nuk e d\u00ebgjojn\u00eb dhe nuk kan\u00eb koh\u00eb por z\u00ebra t\u00eb ndrysh\u00ebm, teksa shtoi se PD duhet [&hellip;]<\/p>\n","protected":false},"author":2030,"featured_media":215631,"comment_status":"closed","ping_status":"closed","sticky":false,"template":"","format":"standard","meta":{"footnotes":""},"categories":[241,3366,1454],"tags":[],"class_list":{"0":"post-215630","1":"post","2":"type-post","3":"status-publish","4":"format-standard","5":"has-post-thumbnail","7":"category-aktualitet","8":"category-koment","9":"category-politike"},"_links":{"self":[{"href":"https:\/\/zjarr.tv\/sq\/wp-json\/wp\/v2\/posts\/215630","targetHints":{"allow":["GET"]}}],"collection":[{"href":"https:\/\/zjarr.tv\/sq\/wp-json\/wp\/v2\/posts"}],"about":[{"href":"https:\/\/zjarr.tv\/sq\/wp-json\/wp\/v2\/types\/post"}],"author":[{"embeddable":true,"href":"https:\/\/zjarr.tv\/sq\/wp-json\/wp\/v2\/users\/2030"}],"replies":[{"embeddable":true,"href":"https:\/\/zjarr.tv\/sq\/wp-json\/wp\/v2\/comments?post=215630"}],"version-history":[{"count":0,"href":"https:\/\/zjarr.tv\/sq\/wp-json\/wp\/v2\/posts\/215630\/revisions"}],"wp:featuredmedia":[{"embeddable":true,"href":"https:\/\/zjarr.tv\/sq\/wp-json\/wp\/v2\/media\/215631"}],"wp:attachment":[{"href":"https:\/\/zjarr.tv\/sq\/wp-json\/wp\/v2\/media?parent=215630"}],"wp:term":[{"taxonomy":"category","embeddable":true,"href":"https:\/\/zjarr.tv\/sq\/wp-json\/wp\/v2\/categories?post=215630"},{"taxonomy":"post_tag","embeddable":true,"href":"https:\/\/zjarr.tv\/sq\/wp-json\/wp\/v2\/tags?post=215630"}],"curies":[{"name":"wp","href":"https:\/\/api.w.org\/{rel}","templated":true}]}}