{"id":215641,"date":"2021-11-03T12:50:40","date_gmt":"2021-11-03T11:50:40","guid":{"rendered":"https:\/\/zjarr.tv\/?p=215641"},"modified":"2021-11-03T12:50:40","modified_gmt":"2021-11-03T11:50:40","slug":"ngrihuni-dhe-bjeruni-katundare-dhe-fshatare-tregut-industrial-ne-durres-po-ulim-qepenat-vetem-pleqte-i-duhen-qeverise-se-edi-rames","status":"publish","type":"post","link":"https:\/\/zjarr.tv\/sq\/ngrihuni-dhe-bjeruni-katundare-dhe-fshatare-tregut-industrial-ne-durres-po-ulim-qepenat-vetem-pleqte-i-duhen-qeverise-se-edi-rames\/","title":{"rendered":"Ngrihuni dhe bjeruni, katundar\u00eb dhe fshatar\u00eb\u201d,  Tregut industrial n\u00eb Durr\u00ebs: Po ulim qepenat, vet\u00ebm pleqt\u00eb i duhen qeveris\u00eb s\u00eb Edi Ram\u00ebs"},"content":{"rendered":"<p><strong>Shit\u00ebsit e tregut industrial n\u00eb Durr\u00ebs, detyrohen t\u00eb ulin qepenat e bizneseve t\u00eb tyre, pasi 3 dit\u00eb m\u00eb par\u00eb u ka ardhur nj\u00eb shkres\u00eb nga bashkia ku thuhej se si pasoj\u00eb e konfliktit t\u00eb dy pronar\u00ebve t\u00eb pallateve, e p\u00ebsonin edhe k\u00ebta t\u00eb fundit pasi nuk mund t\u00eb vazhdonin aktivitetin e tyre. <\/strong><strong>Tregtar\u00ebt kan\u00eb k\u00ebrkuar q\u00eb t\u00eb merren masa p\u00ebr t\u00eb zgjidhur k\u00ebt\u00eb problem pasi nuk kan\u00eb mund\u00ebsi t\u00eb tjera p\u00ebrr t\u00eb siguruar jetes\u00ebn.<\/strong><\/p>\n<p><strong>\u00a0<\/strong><strong>Tregtar\u00ebt:<\/strong><\/p>\n<p><strong><em>Problemi \u00ebsht\u00eb q\u00eb ne t\u00eb vazhdojm\u00eb pun\u00ebn. Bashkia t\u00eb marr\u00eb masa dhe t\u00eb zgjidh\u00eb situat\u00ebn. Para 3 dit\u00ebsh na kan\u00eb th\u00ebn\u00eb se do t\u00eb vinin personat q\u00eb do merrnin masa. Nd\u00ebrsa ne akoma presim t\u00eb vijn\u00eb p\u00ebrfaq\u00ebsues nga bashkia dhe t\u00eb bisedojm\u00eb.<\/em><\/strong><\/p>\n<p><strong><em>Ne k\u00ebtu kemi dal\u00eb p\u00ebr t\u00eb punuar, nuk kemi lidhje fare me pallatin. At\u00eb ta zgjidhin pronar\u00ebt. Me ne nuk kan\u00eb pun\u00eb. K\u00ebrkojm\u00eb t\u00eb hapim dyqnin t\u00eb nxjerrim buk\u00ebn e goj\u00ebs se me k\u00ebt\u00eb ushqehemi.<\/em><\/strong><\/p>\n<p><strong>Nd\u00ebr to ka qen\u00eb edhe nj\u00eb shit\u00ebse e tregut industrial e cila ishte shum\u00eb e mllefosur p\u00ebr gjendjen aktuale dhe ka shp\u00ebrthyer drejt qeveris\u00eb duke akuzuar se me politikat e nd\u00ebrmarra po i p\u00ebrzinin t\u00eb gjith\u00eb dhe po mbanin vet\u00ebm pleqt\u00eb n\u00eb vend, pas vet\u00ebm k\u00ebta t\u00eb fundit u duheshin.<\/strong><\/p>\n<p><strong>Reagimi i plot\u00eb i tregtares:<\/strong><\/p>\n<p><strong><em>Ngrehuni dhe bjeruni, shtypini dhe korrini, katundar\u00eb dhe fshatar\u00eb, t\u00eb gjith\u00eb k\u00ebshtu duhet t\u00eb b\u00ebjn\u00eb po k\u00ebtu nuk b\u00ebhet gj\u00eb prandaj po ikin dhe po mbajn\u00eb pleqt\u00eb n\u00eb Shqip\u00ebri. Se pleqt\u00eb I duhen qeveris\u00eb s\u00eb Edi Ram\u00ebs dhe shum\u00eb qeveritar\u00ebve t\u00eb ndyr\u00eb dhe thuaja t\u00eb gjith\u00ebve se \u00e7far\u00eb b\u00ebhet n\u00eb 3 milion\u00eb banor\u00eb. \u00c7far\u00eb b\u00ebhet n\u00eb atdheun tim nuk b\u00ebhet asgj\u00ebkundi. Posht\u00ebrsi!<\/em><\/strong><strong>\u00a0<\/strong><\/p>\n","protected":false},"excerpt":{"rendered":"<p>Shit\u00ebsit e tregut industrial n\u00eb Durr\u00ebs, detyrohen t\u00eb ulin qepenat e bizneseve t\u00eb tyre, pasi 3 dit\u00eb m\u00eb par\u00eb u ka ardhur nj\u00eb shkres\u00eb nga bashkia ku thuhej se si pasoj\u00eb e konfliktit t\u00eb dy pronar\u00ebve t\u00eb pallateve, e p\u00ebsonin edhe k\u00ebta t\u00eb fundit pasi nuk mund t\u00eb vazhdonin aktivitetin e tyre. Tregtar\u00ebt kan\u00eb k\u00ebrkuar [&hellip;]<\/p>\n","protected":false},"author":2020,"featured_media":215642,"comment_status":"closed","ping_status":"closed","sticky":false,"template":"","format":"standard","meta":{"footnotes":""},"categories":[241,5380,231,235],"tags":[451],"class_list":{"0":"post-215641","1":"post","2":"type-post","3":"status-publish","4":"format-standard","5":"has-post-thumbnail","7":"category-aktualitet","8":"category-kryesore","9":"category-lajme","10":"category-vendi","11":"tag-lajme-zjarr"},"_links":{"self":[{"href":"https:\/\/zjarr.tv\/sq\/wp-json\/wp\/v2\/posts\/215641","targetHints":{"allow":["GET"]}}],"collection":[{"href":"https:\/\/zjarr.tv\/sq\/wp-json\/wp\/v2\/posts"}],"about":[{"href":"https:\/\/zjarr.tv\/sq\/wp-json\/wp\/v2\/types\/post"}],"author":[{"embeddable":true,"href":"https:\/\/zjarr.tv\/sq\/wp-json\/wp\/v2\/users\/2020"}],"replies":[{"embeddable":true,"href":"https:\/\/zjarr.tv\/sq\/wp-json\/wp\/v2\/comments?post=215641"}],"version-history":[{"count":0,"href":"https:\/\/zjarr.tv\/sq\/wp-json\/wp\/v2\/posts\/215641\/revisions"}],"wp:featuredmedia":[{"embeddable":true,"href":"https:\/\/zjarr.tv\/sq\/wp-json\/wp\/v2\/media\/215642"}],"wp:attachment":[{"href":"https:\/\/zjarr.tv\/sq\/wp-json\/wp\/v2\/media?parent=215641"}],"wp:term":[{"taxonomy":"category","embeddable":true,"href":"https:\/\/zjarr.tv\/sq\/wp-json\/wp\/v2\/categories?post=215641"},{"taxonomy":"post_tag","embeddable":true,"href":"https:\/\/zjarr.tv\/sq\/wp-json\/wp\/v2\/tags?post=215641"}],"curies":[{"name":"wp","href":"https:\/\/api.w.org\/{rel}","templated":true}]}}