{"id":215652,"date":"2021-11-03T13:30:16","date_gmt":"2021-11-03T12:30:16","guid":{"rendered":"https:\/\/zjarr.tv\/?p=215652"},"modified":"2021-11-03T13:30:16","modified_gmt":"2021-11-03T12:30:16","slug":"perplasjet-ne-pd-analisti-i-njohur-tregon-si-po-i-perjeton-kryedemokrati","status":"publish","type":"post","link":"https:\/\/zjarr.tv\/sq\/perplasjet-ne-pd-analisti-i-njohur-tregon-si-po-i-perjeton-kryedemokrati\/","title":{"rendered":"P\u00ebrplasjet n\u00eb PD, analisti i njohur tregon si po i p\u00ebrjeton kryedemokrati"},"content":{"rendered":"<p><strong>Analisti Genc Burimi duke folur p\u00ebr tensionet n\u00eb PD, mendon se Lulzim Basha po kalon kriz\u00ebn e jet\u00ebs s\u00eb tij. Ai solli shembullin e Edi Ram\u00ebs, kur akuzonte hapur Donald Trump.<\/strong><\/p>\n<p><strong>Deklarata e Burimit:<\/strong><\/p>\n<p><strong><em>\u201cUn\u00eb nuk e kam d\u00ebgjuar Sali Berish\u00ebn duke akuzuar presidentin e SHBA. Ne kishim Edi Ram\u00ebn q\u00eb akuzonte n\u00eb m\u00ebnyr\u00eb barbare presidentin Trump. Un\u00eb nuk mendoj se Basha \u00ebsht\u00eb n\u00eb pozicion komod. Ai po kalon kriz\u00ebn e jet\u00ebs s\u00eb tij. \u00cbsht\u00eb nj\u00eb tmerr pa fund p\u00ebr Bash\u00ebn\u201d<\/em><\/strong><strong>, tha Burimi.<\/strong><\/p>\n","protected":false},"excerpt":{"rendered":"<p>Analisti Genc Burimi duke folur p\u00ebr tensionet n\u00eb PD, mendon se Lulzim Basha po kalon kriz\u00ebn e jet\u00ebs s\u00eb tij. Ai solli shembullin e Edi Ram\u00ebs, kur akuzonte hapur Donald Trump. Deklarata e Burimit: \u201cUn\u00eb nuk e kam d\u00ebgjuar Sali Berish\u00ebn duke akuzuar presidentin e SHBA. Ne kishim Edi Ram\u00ebn q\u00eb akuzonte n\u00eb m\u00ebnyr\u00eb barbare [&hellip;]<\/p>\n","protected":false},"author":2020,"featured_media":208159,"comment_status":"closed","ping_status":"closed","sticky":false,"template":"","format":"standard","meta":{"footnotes":""},"categories":[241,231],"tags":[451],"class_list":{"0":"post-215652","1":"post","2":"type-post","3":"status-publish","4":"format-standard","5":"has-post-thumbnail","7":"category-aktualitet","8":"category-lajme","9":"tag-lajme-zjarr"},"_links":{"self":[{"href":"https:\/\/zjarr.tv\/sq\/wp-json\/wp\/v2\/posts\/215652","targetHints":{"allow":["GET"]}}],"collection":[{"href":"https:\/\/zjarr.tv\/sq\/wp-json\/wp\/v2\/posts"}],"about":[{"href":"https:\/\/zjarr.tv\/sq\/wp-json\/wp\/v2\/types\/post"}],"author":[{"embeddable":true,"href":"https:\/\/zjarr.tv\/sq\/wp-json\/wp\/v2\/users\/2020"}],"replies":[{"embeddable":true,"href":"https:\/\/zjarr.tv\/sq\/wp-json\/wp\/v2\/comments?post=215652"}],"version-history":[{"count":0,"href":"https:\/\/zjarr.tv\/sq\/wp-json\/wp\/v2\/posts\/215652\/revisions"}],"wp:featuredmedia":[{"embeddable":true,"href":"https:\/\/zjarr.tv\/sq\/wp-json\/wp\/v2\/media\/208159"}],"wp:attachment":[{"href":"https:\/\/zjarr.tv\/sq\/wp-json\/wp\/v2\/media?parent=215652"}],"wp:term":[{"taxonomy":"category","embeddable":true,"href":"https:\/\/zjarr.tv\/sq\/wp-json\/wp\/v2\/categories?post=215652"},{"taxonomy":"post_tag","embeddable":true,"href":"https:\/\/zjarr.tv\/sq\/wp-json\/wp\/v2\/tags?post=215652"}],"curies":[{"name":"wp","href":"https:\/\/api.w.org\/{rel}","templated":true}]}}