{"id":218707,"date":"2021-11-16T18:03:23","date_gmt":"2021-11-16T17:03:23","guid":{"rendered":"https:\/\/zjarr.tv\/?p=218707"},"modified":"2021-11-16T18:05:00","modified_gmt":"2021-11-16T17:05:00","slug":"edith-harxhi-me-e-bindur-se-kurre-kuvendi-kombetar-do-te-mbahet-me-11-dhjetor-basha-dhe-kryesia-ilegjitime-do-te-cbehen","status":"publish","type":"post","link":"https:\/\/zjarr.tv\/sq\/edith-harxhi-me-e-bindur-se-kurre-kuvendi-kombetar-do-te-mbahet-me-11-dhjetor-basha-dhe-kryesia-ilegjitime-do-te-cbehen\/","title":{"rendered":"Edith Harxhi m\u00eb e bindur se kurr\u00eb: Kuvendi Komb\u00ebtar do t\u00eb mbahet m\u00eb 11 dhjetor, Basha dhe Kryesia ilegjitime do t\u00eb \u00e7\u2019b\u00ebhen!"},"content":{"rendered":"<p>Ish-kandidatja p\u00ebr kreun e Partis\u00eb Demokratike Edith Harxhi ka reaguar pas deklarat\u00ebs s\u00eb kreut aktual t\u00eb k\u00ebsaj force politike, Lulzim Basha i cili njoftoi se m\u00eb 18 Dhjetor do t\u00eb mblidhet Kuvendi Komb\u00ebtar i PD-s\u00eb. P\u00ebrmes nj\u00eb postimi n\u00eb Facebook, Harxhi shkruan se kryedemokrati Basha duhet t\u00eb ndal\u00eb autoritarizmin n\u00eb parti, mbylljen e saj dhe pengmarrjen.<\/p>\n<p>Ajo thot\u00eb me bindje t\u00eb plot\u00eb se Kuvendi do t\u00eb mbahet n\u00eb 11 Dhjetor dhe sipas saj Lulzim Basha, kryesia e tij ilegjitime, sekretar\u00ebt dhe forumet e pazgjedhura do t\u00eb \u00e7\u2019b\u00ebhen!<\/p>\n<p><strong>Postimi i plot\u00eb i Edith Harxhi<\/strong>t:<\/p>\n<p><em>Partia Demokratike \u00ebsht\u00eb bashkim i individ\u00ebve t\u00eb lir\u00eb dhe nuk mund ta marr\u00eb peng askush. Kuvendi i shpallur nga Lulzim Basha \u00ebsht\u00eb nul dhe void pasi tashm\u00eb mbi 5000 kuvendar\u00eb kan\u00eb n\u00ebnshkruar p\u00ebr mbledhjen e kuvendit m\u00eb 11 dhjetor 2021 me nj\u00eb axhend\u00eb t\u00eb vendosur nga vet\u00eb demokrat\u00ebt.<\/em><\/p>\n<p><em>Lulzim Basha duhet t\u00eb ndal\u00eb autoritarizmin n\u00eb parti, mbylljen e saj, pengmarrjen e partis\u00eb, pasurimin si oligarku i v\u00ebrtet\u00eb n\u00eb kurriz t\u00eb demokrat\u00ebve shqiptar\u00eb dhe marr\u00ebveshjet e turpshme me Edi Ram\u00ebn. Ai e paska t\u00eb pamundur p\u00ebrballjen me verdiktin e demokrat\u00ebve e prandaj po shket \u00e7do or\u00eb n\u00eb paft\u00ebsi mendore, verbale dhe emocionale! M\u00eb mir\u00eb ta lem\u00eb n\u00eb fatin e tij.<\/em><\/p>\n<p><em>Nuk e kisha menduar kurr\u00eb q\u00eb 31 vite pasi u ngrit\u00ebm dhe festuam p\u00ebr r\u00ebnien e rregjimit t\u00eb Diktatorit, po ngrihemi dhe do t\u00eb g\u00ebzohemi p\u00ebr largimin e shkat\u00ebrrimtarit t\u00eb shpres\u00ebs s\u00eb demokrat\u00ebve dhe mbar\u00eb qytetar\u00ebve shqiptar. Foltoret jan\u00eb agora e demokracis\u00eb son\u00eb t\u00eb re! Kuvendi do t\u00eb mbahet n\u00eb 11 dhjetor dhe Lulzim Basha, kryesia e tij ilegjitime, sekretar\u00ebt dhe forumet e pazgjedhura do t\u00eb \u00e7\u2019b\u00ebhen! PD-ja e re konservatore do t\u00eb ngadh\u00ebnjej\u00eb dhe Rama &amp; Co do t\u00eb zhduken.<\/em><\/p>\n<p>&nbsp;<\/p>\n","protected":false},"excerpt":{"rendered":"<p>Ish-kandidatja p\u00ebr kreun e Partis\u00eb Demokratike Edith Harxhi ka reaguar pas deklarat\u00ebs s\u00eb kreut aktual t\u00eb k\u00ebsaj force politike, Lulzim Basha i cili njoftoi se m\u00eb 18 Dhjetor do t\u00eb mblidhet Kuvendi Komb\u00ebtar i PD-s\u00eb. P\u00ebrmes nj\u00eb postimi n\u00eb Facebook, Harxhi shkruan se kryedemokrati Basha duhet t\u00eb ndal\u00eb autoritarizmin n\u00eb parti, mbylljen e saj dhe [&hellip;]<\/p>\n","protected":false},"author":2030,"featured_media":218708,"comment_status":"closed","ping_status":"closed","sticky":false,"template":"","format":"standard","meta":{"footnotes":""},"categories":[241,3366,5380,231,1454],"tags":[],"class_list":{"0":"post-218707","1":"post","2":"type-post","3":"status-publish","4":"format-standard","5":"has-post-thumbnail","7":"category-aktualitet","8":"category-koment","9":"category-kryesore","10":"category-lajme","11":"category-politike"},"_links":{"self":[{"href":"https:\/\/zjarr.tv\/sq\/wp-json\/wp\/v2\/posts\/218707","targetHints":{"allow":["GET"]}}],"collection":[{"href":"https:\/\/zjarr.tv\/sq\/wp-json\/wp\/v2\/posts"}],"about":[{"href":"https:\/\/zjarr.tv\/sq\/wp-json\/wp\/v2\/types\/post"}],"author":[{"embeddable":true,"href":"https:\/\/zjarr.tv\/sq\/wp-json\/wp\/v2\/users\/2030"}],"replies":[{"embeddable":true,"href":"https:\/\/zjarr.tv\/sq\/wp-json\/wp\/v2\/comments?post=218707"}],"version-history":[{"count":0,"href":"https:\/\/zjarr.tv\/sq\/wp-json\/wp\/v2\/posts\/218707\/revisions"}],"wp:featuredmedia":[{"embeddable":true,"href":"https:\/\/zjarr.tv\/sq\/wp-json\/wp\/v2\/media\/218708"}],"wp:attachment":[{"href":"https:\/\/zjarr.tv\/sq\/wp-json\/wp\/v2\/media?parent=218707"}],"wp:term":[{"taxonomy":"category","embeddable":true,"href":"https:\/\/zjarr.tv\/sq\/wp-json\/wp\/v2\/categories?post=218707"},{"taxonomy":"post_tag","embeddable":true,"href":"https:\/\/zjarr.tv\/sq\/wp-json\/wp\/v2\/tags?post=218707"}],"curies":[{"name":"wp","href":"https:\/\/api.w.org\/{rel}","templated":true}]}}