{"id":218749,"date":"2021-11-17T07:17:16","date_gmt":"2021-11-17T06:17:16","guid":{"rendered":"https:\/\/zjarr.tv\/?p=218749"},"modified":"2021-11-17T07:17:16","modified_gmt":"2021-11-17T06:17:16","slug":"jamarber-malltezi-zbulon-detaje-per-dosjen-e-bashes-rrezikon-burg-ne-shqiperi-dhe-amerike","status":"publish","type":"post","link":"https:\/\/zjarr.tv\/sq\/jamarber-malltezi-zbulon-detaje-per-dosjen-e-bashes-rrezikon-burg-ne-shqiperi-dhe-amerike\/","title":{"rendered":"Jamarb\u00ebr Malltezi zbulon detaje p\u00ebr Dosjen e Bash\u00ebs: Rrezikon burg n\u00eb Shqip\u00ebri dhe Amerik\u00eb"},"content":{"rendered":"<p>Demokrati Jamarb\u00ebr Malltezi ka qen\u00eb i ftuar mbr\u00ebmjen e sotme n\u00eb emisionin \u201cPushteti\u201d n\u00eb Fax News p\u00ebr t\u00eb folur mbi situat\u00ebn n\u00eb Partin\u00eb Demokratike pas p\u00ebrplasjeve Basha-Berisha.<\/p>\n<p>Jamarb\u00ebr Malltezi rikujtoi deklarat\u00ebn e Bash\u00ebs pas zgjedhjeve t\u00eb 25 prillit, kur ky i fundit tha se beteja sapo ka filluar, mir\u00ebpo beteja sipas Malltezit ka filluar n\u00eb vitin 1990. <\/p>\n<p>Malltezi madje me ironi u shpreh \u201cHello\u00eb, kaq i trash\u00eb je dhe kaq g\u00ebnjeshtar\u201d.<\/p>\n<p>\u201cP\u00ebr fat t\u00eb keq PD e tanishme e drejtuar nga Basha po shkon nga humbja n\u00eb humbje. Forca e asaj partie nuk\u00eb sht\u00eb kryetari, sa l\u00ebpir\u00ebsa ke me vete, por an\u00ebtar\u00ebsia e PD. Levizja q\u00eb ka nisur profesor Berisha me Foltoren, ishte levizje q\u00eb zgjoi PD nga gjumi letargjik. Demokrat\u00ebt k\u00ebrkojn\u00eb t\u00eb flasin lirsh\u00ebm. Ku \u00ebsht\u00eb opozita sot? <\/p>\n<p>Ky tha beteja sapo ka filluar. Mas 31 vitesh do fillonte historia me k\u00ebt\u00eb. Kaq i trash\u00eb, kaq g\u00ebnjeshtar \u00ebsht\u00eb. \u00c7far\u00eb halli kishte q\u00eb g\u00ebnjeu. Pse kur filloi beteja kur e shpalli ky me 27 prill? <\/p>\n<p>Tani pas 7 muajsh ku \u00ebsht\u00eb beteja? Hello\u00eb, ku e ke PD-n\u00eb? Gjum\u00eb\u201d, deklaroi Malltezi.<\/p>\n<p>Jamarb\u00ebr Malltezi ka folur dhe p\u00ebr dosjen ruse q\u00eb i \u00ebsht\u00eb p\u00ebrmendur Lulzim Bash\u00ebs. Malltezi deklaroi se nuk \u00ebsht\u00eb e v\u00ebrtet\u00eb q\u00eb b\u00ebhet fjal\u00eb p\u00ebr para ruse, por p\u00ebr para q\u00eb Basha i merrte biznesmen\u00ebve shqiptar\u00eb dhe nuk i deklaronte, por k\u00ebrkoi ndihm\u00ebn e nj\u00eb gruaje skoceze q\u00eb kishte lidhje n\u00eb Rusi p\u00ebr t\u2019i depozituar te Nik Muzini.<\/p>\n<p>\u201cLulzim Basha ka r\u00ebn\u00eb peng si\u00e7 e tha zonja Kokalari e Nik Muzin. Dosja e Nik Muzin \u00ebsht\u00eb shum\u00eb e r\u00ebnd\u00eb. Zoti Basha \u00ebsht\u00eb peng sepse rrezikon burgun dhe n\u00eb Amerik\u00eb dhe n\u00eb Shqip\u00ebri. Para dy muajsh deklaroi se PD do hidhte n\u00eb gjyq Evi Kokalarin, por pas 2 muajsh nuk ka padi. <\/p>\n<p>Nik Muzin qenka patate e nxeht\u00eb p\u00ebr Bash\u00ebn. Pse m\u00e7ifet pas PD ky njeri frikacak. Aty \u00ebesht\u00eb nj\u00eb gj\u00eb e r\u00ebnd\u00eb. Nuk jan\u00eb para ruse, por jan\u00eb para t\u00eb biznesmen\u00ebve shqiptar\u00eb t\u00eb cil\u00ebve zoti Basha i ka marr\u00eb dhe nuk i ka depozituar n\u00eb PD. Nuk kishte mund\u00ebsin\u00eb t\u00eb b\u00ebnte kontrat\u00ebn e plot\u00eb me Nik Muzin. Ai ka gjetur nj\u00eb fem\u00ebr n\u00eb Skoci q\u00eb kishte lidhje me Rusin\u00eb, prandaj dyshonin. Por nuk jan\u00eb para ruse\u201d, theksoi Malltezi.<\/p>\n","protected":false},"excerpt":{"rendered":"<p>Demokrati Jamarb\u00ebr Malltezi ka qen\u00eb i ftuar mbr\u00ebmjen e sotme n\u00eb emisionin \u201cPushteti\u201d n\u00eb Fax News p\u00ebr t\u00eb folur mbi situat\u00ebn n\u00eb Partin\u00eb Demokratike pas p\u00ebrplasjeve Basha-Berisha. Jamarb\u00ebr Malltezi rikujtoi deklarat\u00ebn e Bash\u00ebs pas zgjedhjeve t\u00eb 25 prillit, kur ky i fundit tha se beteja sapo ka filluar, mir\u00ebpo beteja sipas Malltezit ka filluar n\u00eb [&hellip;]<\/p>\n","protected":false},"author":2031,"featured_media":218750,"comment_status":"closed","ping_status":"closed","sticky":false,"template":"","format":"standard","meta":{"footnotes":""},"categories":[241,231,235],"tags":[],"class_list":{"0":"post-218749","1":"post","2":"type-post","3":"status-publish","4":"format-standard","5":"has-post-thumbnail","7":"category-aktualitet","8":"category-lajme","9":"category-vendi"},"_links":{"self":[{"href":"https:\/\/zjarr.tv\/sq\/wp-json\/wp\/v2\/posts\/218749","targetHints":{"allow":["GET"]}}],"collection":[{"href":"https:\/\/zjarr.tv\/sq\/wp-json\/wp\/v2\/posts"}],"about":[{"href":"https:\/\/zjarr.tv\/sq\/wp-json\/wp\/v2\/types\/post"}],"author":[{"embeddable":true,"href":"https:\/\/zjarr.tv\/sq\/wp-json\/wp\/v2\/users\/2031"}],"replies":[{"embeddable":true,"href":"https:\/\/zjarr.tv\/sq\/wp-json\/wp\/v2\/comments?post=218749"}],"version-history":[{"count":0,"href":"https:\/\/zjarr.tv\/sq\/wp-json\/wp\/v2\/posts\/218749\/revisions"}],"wp:featuredmedia":[{"embeddable":true,"href":"https:\/\/zjarr.tv\/sq\/wp-json\/wp\/v2\/media\/218750"}],"wp:attachment":[{"href":"https:\/\/zjarr.tv\/sq\/wp-json\/wp\/v2\/media?parent=218749"}],"wp:term":[{"taxonomy":"category","embeddable":true,"href":"https:\/\/zjarr.tv\/sq\/wp-json\/wp\/v2\/categories?post=218749"},{"taxonomy":"post_tag","embeddable":true,"href":"https:\/\/zjarr.tv\/sq\/wp-json\/wp\/v2\/tags?post=218749"}],"curies":[{"name":"wp","href":"https:\/\/api.w.org\/{rel}","templated":true}]}}