{"id":218760,"date":"2021-11-17T07:22:25","date_gmt":"2021-11-17T06:22:25","guid":{"rendered":"https:\/\/zjarr.tv\/?p=218760"},"modified":"2021-11-17T07:22:25","modified_gmt":"2021-11-17T06:22:25","slug":"meta-ne-pd-ka-problem-me-legjitimitetin-e-lidershipit-propozimi-i-palokes-tentative-per-te-zgjidhur-ceshtjen-ne-menyre-demokratike","status":"publish","type":"post","link":"https:\/\/zjarr.tv\/sq\/meta-ne-pd-ka-problem-me-legjitimitetin-e-lidershipit-propozimi-i-palokes-tentative-per-te-zgjidhur-ceshtjen-ne-menyre-demokratike\/","title":{"rendered":"Meta: N\u00eb PD ka problem me legjitimitetin e lidershipit, propozimi i Palok\u00ebs tentativ\u00eb p\u00ebr t\u00eb zgjidhur \u00e7\u00ebshtjen n\u00eb m\u00ebnyr\u00eb demokratike"},"content":{"rendered":"<p>Ne intervisten e dhene per ora-news, Presidenti Meta u pyet edhe per situaten ne PD ku dha kete koment:<\/p>\n<p>\u201cNuk dua t\u00eb hyj n\u00eb \u00e7\u00ebshtjet e brendshme t\u00eb PD-s\u00eb, por \u00ebsht\u00eb fakt q\u00eb ka nj\u00eb problem t\u00eb r\u00ebnd\u00ebsish\u00ebm n\u00eb legjitimitetin e lidershipit t\u00eb saj.  E kam ndjekur propozimin e zotit Paloka, i cili ka b\u00ebr\u00eb nj\u00eb thirrje p\u00ebr t\u00eb gjetur rrug\u00ebn p\u00ebr t\u2019i zgjidhur problemet n\u00eb PD n\u00eb m\u00ebnyr\u00eb demokratike.\u201d<\/p>\n<p>Presidenti Ilir Meta shprehet se ai ka nd\u00ebrmarr\u00eb hapa p\u00ebr t\u00eb garantuar zbatimin e Reform\u00ebs n\u00eb Drejt\u00ebsi, sipas Kushtetut\u00ebs.<\/p>\n<p>Ai tha se p\u00ebrpjekjet e tij kan\u00eb qen\u00eb q\u00eb vendi t\u00eb kishte zgjedhje vendore gjith\u00ebp\u00ebrfshir\u00ebse.<\/p>\n<p>Ai thekson se e ka detyr\u00ebn deri n\u00eb sekond\u00ebn e fundit t\u00eb 24 korrikut n\u00eb k\u00ebt\u00eb institucion, q\u00eb t\u00eb mbroj\u00eb Kushtetut\u00ebn.<\/p>\n<p>Meta shton se ai \u00ebsht\u00eb l\u00ebn\u00eb q\u00ebllimisht p\u00ebrpara nj\u00eb parlamenti m\u00eb 120 e ca karton\u00eb, me deputet\u00eb, me ato akte q\u00eb ata kan\u00eb votuar vet\u00ebm nd\u00ebrgjegjja e tyre mund ta pranoj\u00eb.<\/p>\n","protected":false},"excerpt":{"rendered":"<p>Ne intervisten e dhene per ora-news, Presidenti Meta u pyet edhe per situaten ne PD ku dha kete koment: \u201cNuk dua t\u00eb hyj n\u00eb \u00e7\u00ebshtjet e brendshme t\u00eb PD-s\u00eb, por \u00ebsht\u00eb fakt q\u00eb ka nj\u00eb problem t\u00eb r\u00ebnd\u00ebsish\u00ebm n\u00eb legjitimitetin e lidershipit t\u00eb saj. E kam ndjekur propozimin e zotit Paloka, i cili ka b\u00ebr\u00eb [&hellip;]<\/p>\n","protected":false},"author":2031,"featured_media":218761,"comment_status":"closed","ping_status":"closed","sticky":false,"template":"","format":"standard","meta":{"footnotes":""},"categories":[241,231,1454,235],"tags":[],"class_list":{"0":"post-218760","1":"post","2":"type-post","3":"status-publish","4":"format-standard","5":"has-post-thumbnail","7":"category-aktualitet","8":"category-lajme","9":"category-politike","10":"category-vendi"},"_links":{"self":[{"href":"https:\/\/zjarr.tv\/sq\/wp-json\/wp\/v2\/posts\/218760","targetHints":{"allow":["GET"]}}],"collection":[{"href":"https:\/\/zjarr.tv\/sq\/wp-json\/wp\/v2\/posts"}],"about":[{"href":"https:\/\/zjarr.tv\/sq\/wp-json\/wp\/v2\/types\/post"}],"author":[{"embeddable":true,"href":"https:\/\/zjarr.tv\/sq\/wp-json\/wp\/v2\/users\/2031"}],"replies":[{"embeddable":true,"href":"https:\/\/zjarr.tv\/sq\/wp-json\/wp\/v2\/comments?post=218760"}],"version-history":[{"count":0,"href":"https:\/\/zjarr.tv\/sq\/wp-json\/wp\/v2\/posts\/218760\/revisions"}],"wp:featuredmedia":[{"embeddable":true,"href":"https:\/\/zjarr.tv\/sq\/wp-json\/wp\/v2\/media\/218761"}],"wp:attachment":[{"href":"https:\/\/zjarr.tv\/sq\/wp-json\/wp\/v2\/media?parent=218760"}],"wp:term":[{"taxonomy":"category","embeddable":true,"href":"https:\/\/zjarr.tv\/sq\/wp-json\/wp\/v2\/categories?post=218760"},{"taxonomy":"post_tag","embeddable":true,"href":"https:\/\/zjarr.tv\/sq\/wp-json\/wp\/v2\/tags?post=218760"}],"curies":[{"name":"wp","href":"https:\/\/api.w.org\/{rel}","templated":true}]}}