{"id":221386,"date":"2021-12-01T13:21:35","date_gmt":"2021-12-01T12:21:35","guid":{"rendered":"https:\/\/zjarr.tv\/?p=221386"},"modified":"2021-12-01T13:21:35","modified_gmt":"2021-12-01T12:21:35","slug":"frrok-cupi-paralajmeron-cfare-mund-te-ndodhe-mes-lulzim-bashes-dhe-sali-berishes","status":"publish","type":"post","link":"https:\/\/zjarr.tv\/sq\/frrok-cupi-paralajmeron-cfare-mund-te-ndodhe-mes-lulzim-bashes-dhe-sali-berishes\/","title":{"rendered":"Frrok \u00c7upi paralajm\u00ebron \u00e7far\u00eb mund t\u00eb ndodh\u00eb mes Lulzim Bash\u00ebs dhe Sali Berish\u00ebs"},"content":{"rendered":"<p>Analisti Frrok \u00c7upi \u00ebsht\u00eb tejet i ashp\u00ebr sa i p\u00ebrket zhvillimeve brenda PD-s\u00eb. Por shk\u00ebputjen e Berish\u00ebs, nga PD, por edhe nga Basha ai cil\u00ebson si tejet t\u00eb v\u00ebshtir\u00eb, si nj\u00eb operacion p\u00ebr t\u00eb ndar\u00eb dy v\u00ebllez\u00ebr siamez\u00eb.<\/p>\n<p><strong>Deklarata e \u00c7upit:<\/strong><\/p>\n<p><em>\u201cBasha u nis p\u00ebr t\u2019u b\u00ebr\u00eb si Berisha, por nuk i kishte cil\u00ebsit\u00eb e tij, \u00ebsht\u00eb minor. \u00cbsht\u00eb tmer*rshme t\u00eb b\u00ebsh nj\u00eb p\u00ebrpjekje siamez. K\u00ebshtu p\u00ebr t\u2019u ndar\u00eb nga Berisha duhet t\u00eb derdh\u00eb djers\u00eb e gjak dhe mundim. Por p\u00ebr mendimin tim nuk mund t\u2019ia dal\u00eb. Duhet t\u00eb b\u00ebj\u00eb operacionin e madh p\u00ebr t\u00eb shk\u00ebputur siamezin e tij nga PD e me mb\u00ebshtetje t\u00eb madhe t\u00eb SHBA.<\/em><\/p>\n<p><em>\u00a0Amerika nuk i ka dh\u00ebn\u00eb kurr\u00eb nj\u00eb mb\u00ebshtetje t\u00eb till\u00eb nj\u00eb kryetari t\u00eb partie. T\u00eb mos vazhdoj\u00eb rrug\u00ebn si shkat\u00ebrrimtar i madh. Bota ka probleme n\u00eb veri dhe tani do t\u2019i duhet SHBA t\u00eb merret me menderet e Berish\u00ebs\u201d, u shpreh \u00c7upi.<\/em><\/p>\n","protected":false},"excerpt":{"rendered":"<p>Analisti Frrok \u00c7upi \u00ebsht\u00eb tejet i ashp\u00ebr sa i p\u00ebrket zhvillimeve brenda PD-s\u00eb. Por shk\u00ebputjen e Berish\u00ebs, nga PD, por edhe nga Basha ai cil\u00ebson si tejet t\u00eb v\u00ebshtir\u00eb, si nj\u00eb operacion p\u00ebr t\u00eb ndar\u00eb dy v\u00ebllez\u00ebr siamez\u00eb. Deklarata e \u00c7upit: \u201cBasha u nis p\u00ebr t\u2019u b\u00ebr\u00eb si Berisha, por nuk i kishte cil\u00ebsit\u00eb e [&hellip;]<\/p>\n","protected":false},"author":2020,"featured_media":187507,"comment_status":"closed","ping_status":"closed","sticky":false,"template":"","format":"standard","meta":{"footnotes":""},"categories":[241,5380,231],"tags":[],"class_list":{"0":"post-221386","1":"post","2":"type-post","3":"status-publish","4":"format-standard","5":"has-post-thumbnail","7":"category-aktualitet","8":"category-kryesore","9":"category-lajme"},"_links":{"self":[{"href":"https:\/\/zjarr.tv\/sq\/wp-json\/wp\/v2\/posts\/221386","targetHints":{"allow":["GET"]}}],"collection":[{"href":"https:\/\/zjarr.tv\/sq\/wp-json\/wp\/v2\/posts"}],"about":[{"href":"https:\/\/zjarr.tv\/sq\/wp-json\/wp\/v2\/types\/post"}],"author":[{"embeddable":true,"href":"https:\/\/zjarr.tv\/sq\/wp-json\/wp\/v2\/users\/2020"}],"replies":[{"embeddable":true,"href":"https:\/\/zjarr.tv\/sq\/wp-json\/wp\/v2\/comments?post=221386"}],"version-history":[{"count":0,"href":"https:\/\/zjarr.tv\/sq\/wp-json\/wp\/v2\/posts\/221386\/revisions"}],"wp:featuredmedia":[{"embeddable":true,"href":"https:\/\/zjarr.tv\/sq\/wp-json\/wp\/v2\/media\/187507"}],"wp:attachment":[{"href":"https:\/\/zjarr.tv\/sq\/wp-json\/wp\/v2\/media?parent=221386"}],"wp:term":[{"taxonomy":"category","embeddable":true,"href":"https:\/\/zjarr.tv\/sq\/wp-json\/wp\/v2\/categories?post=221386"},{"taxonomy":"post_tag","embeddable":true,"href":"https:\/\/zjarr.tv\/sq\/wp-json\/wp\/v2\/tags?post=221386"}],"curies":[{"name":"wp","href":"https:\/\/api.w.org\/{rel}","templated":true}]}}