{"id":221972,"date":"2021-12-03T21:24:09","date_gmt":"2021-12-03T20:24:09","guid":{"rendered":"https:\/\/zjarr.tv\/?p=221972"},"modified":"2021-12-03T21:24:09","modified_gmt":"2021-12-03T20:24:09","slug":"zi-ne-familjen-e-xhelal-mziut-ndahet-nga-jeta-vellai-i-deputetit-te-pd-se","status":"publish","type":"post","link":"https:\/\/zjarr.tv\/sq\/zi-ne-familjen-e-xhelal-mziut-ndahet-nga-jeta-vellai-i-deputetit-te-pd-se\/","title":{"rendered":"Zi n\u00eb familjen e Xhelal Mziut, ndahet nga jeta v\u00ebllai i deputetit t\u00eb PD-s\u00eb"},"content":{"rendered":"<p>Deputeti demokrat Xhella Mziu ka njoftuar mbr\u00ebmjen e sotme se v\u00ebllai i tij Rasim Rahman Mziu \u00ebsht\u00eb ndar\u00eb nga jeta.<\/p>\n<p>Ai thot\u00eb se ceremonia mortore do t\u00eb b\u00ebhet nes\u00ebr n\u00eb or\u00ebn 14:00 n\u00eb varrezat e Sharr\u00ebs, nd\u00ebrsa pritja b\u00ebhet n\u00eb rrug\u00ebn e Arb\u00ebrit, Kod\u00ebr Kam\u00ebz (pran\u00eb Universitetit Bujq\u00ebsor).<\/p>\n<p>\u201cMe hidh\u00ebrim t\u00eb thell\u00eb njoftoj p\u00ebr ndarjen e parakohshme nga jeta t\u00eb v\u00ebllait tim Rasim Rahman Mziu. <\/p>\n<p> Ceremonia mortore b\u00ebhet nes\u00ebr dit\u00ebn e shtun\u00eb, me dat\u00eb 04.12.2021, n\u00eb or\u00ebn 14:00 n\u00eb varrezat e Sharr\u00ebs.<\/p>\n<p> Pritja b\u00ebhet n\u00eb rrug\u00ebn e Arb\u00ebrit, Kod\u00ebr Kam\u00ebz (pran\u00eb Universitetit Bujq\u00ebsor)\u201d, shkruan Xhelal Mziut.<\/p>\n","protected":false},"excerpt":{"rendered":"<p>Deputeti demokrat Xhella Mziu ka njoftuar mbr\u00ebmjen e sotme se v\u00ebllai i tij Rasim Rahman Mziu \u00ebsht\u00eb ndar\u00eb nga jeta. Ai thot\u00eb se ceremonia mortore do t\u00eb b\u00ebhet nes\u00ebr n\u00eb or\u00ebn 14:00 n\u00eb varrezat e Sharr\u00ebs, nd\u00ebrsa pritja b\u00ebhet n\u00eb rrug\u00ebn e Arb\u00ebrit, Kod\u00ebr Kam\u00ebz (pran\u00eb Universitetit Bujq\u00ebsor). \u201cMe hidh\u00ebrim t\u00eb thell\u00eb njoftoj p\u00ebr ndarjen [&hellip;]<\/p>\n","protected":false},"author":2031,"featured_media":160443,"comment_status":"closed","ping_status":"closed","sticky":false,"template":"","format":"standard","meta":{"footnotes":""},"categories":[231],"tags":[],"class_list":{"0":"post-221972","1":"post","2":"type-post","3":"status-publish","4":"format-standard","5":"has-post-thumbnail","7":"category-lajme"},"_links":{"self":[{"href":"https:\/\/zjarr.tv\/sq\/wp-json\/wp\/v2\/posts\/221972","targetHints":{"allow":["GET"]}}],"collection":[{"href":"https:\/\/zjarr.tv\/sq\/wp-json\/wp\/v2\/posts"}],"about":[{"href":"https:\/\/zjarr.tv\/sq\/wp-json\/wp\/v2\/types\/post"}],"author":[{"embeddable":true,"href":"https:\/\/zjarr.tv\/sq\/wp-json\/wp\/v2\/users\/2031"}],"replies":[{"embeddable":true,"href":"https:\/\/zjarr.tv\/sq\/wp-json\/wp\/v2\/comments?post=221972"}],"version-history":[{"count":0,"href":"https:\/\/zjarr.tv\/sq\/wp-json\/wp\/v2\/posts\/221972\/revisions"}],"wp:featuredmedia":[{"embeddable":true,"href":"https:\/\/zjarr.tv\/sq\/wp-json\/wp\/v2\/media\/160443"}],"wp:attachment":[{"href":"https:\/\/zjarr.tv\/sq\/wp-json\/wp\/v2\/media?parent=221972"}],"wp:term":[{"taxonomy":"category","embeddable":true,"href":"https:\/\/zjarr.tv\/sq\/wp-json\/wp\/v2\/categories?post=221972"},{"taxonomy":"post_tag","embeddable":true,"href":"https:\/\/zjarr.tv\/sq\/wp-json\/wp\/v2\/tags?post=221972"}],"curies":[{"name":"wp","href":"https:\/\/api.w.org\/{rel}","templated":true}]}}