{"id":223769,"date":"2021-12-13T11:36:52","date_gmt":"2021-12-13T10:36:52","guid":{"rendered":"https:\/\/zjarr.tv\/?p=223769"},"modified":"2021-12-13T11:36:52","modified_gmt":"2021-12-13T10:36:52","slug":"shtyhen-seanca-thoma-gellcin-spak-kerkon-te-informacion-per-tendera-te-tjere-te-dhena-nga-ish-drejtori-i-rtsh","status":"publish","type":"post","link":"https:\/\/zjarr.tv\/sq\/shtyhen-seanca-thoma-gellcin-spak-kerkon-te-informacion-per-tendera-te-tjere-te-dhena-nga-ish-drejtori-i-rtsh\/","title":{"rendered":"Shtyhen seanca Thoma G\u00ebll\u00e7in, SPAK k\u00ebrkon t\u00eb informacion p\u00ebr tendera t\u00eb tjer\u00eb t\u00eb dh\u00ebna nga ish-drejtori i RTSH"},"content":{"rendered":"<p>Shtyhet p\u00ebr dit\u00ebn e nes\u00ebrme seanca gjyq\u00ebsore ndaj ish drejtorit t\u00eb Radio Televizionit Shqiptar, Thoma G\u00ebll\u00e7i.<\/p>\n<p>SPAK ka k\u00ebrkuar informacion p\u00ebr tendera t\u00eb tjer\u00eb q\u00eb jan\u00eb zhvilluar gjat\u00eb viteve t\u00eb fundit, kur G\u00ebll\u00e7i ka drejtuar k\u00ebt\u00eb institucion.<\/p>\n<p>\u00cbsht\u00eb e paqart\u00eb n\u00ebse SPAK ka arritur t\u00eb zbuloj\u00eb vepra t\u00eb tjera penale, nd\u00ebrsa aktualisht G\u00ebll\u00e7i akuzohet vet\u00ebm p\u00ebr nj\u00eb tender t\u00eb dh\u00ebn\u00eb p\u00ebr blerjen e pajisjeve p\u00ebr kanalin RTSH Agro, pa marr\u00eb miratimin nga AMA dhe Bordi.<\/p>\n","protected":false},"excerpt":{"rendered":"<p>Shtyhet p\u00ebr dit\u00ebn e nes\u00ebrme seanca gjyq\u00ebsore ndaj ish drejtorit t\u00eb Radio Televizionit Shqiptar, Thoma G\u00ebll\u00e7i. SPAK ka k\u00ebrkuar informacion p\u00ebr tendera t\u00eb tjer\u00eb q\u00eb jan\u00eb zhvilluar gjat\u00eb viteve t\u00eb fundit, kur G\u00ebll\u00e7i ka drejtuar k\u00ebt\u00eb institucion. \u00cbsht\u00eb e paqart\u00eb n\u00ebse SPAK ka arritur t\u00eb zbuloj\u00eb vepra t\u00eb tjera penale, nd\u00ebrsa aktualisht G\u00ebll\u00e7i akuzohet vet\u00ebm [&hellip;]<\/p>\n","protected":false},"author":2030,"featured_media":208411,"comment_status":"closed","ping_status":"closed","sticky":false,"template":"","format":"standard","meta":{"footnotes":""},"categories":[241,5380,231],"tags":[],"class_list":{"0":"post-223769","1":"post","2":"type-post","3":"status-publish","4":"format-standard","5":"has-post-thumbnail","7":"category-aktualitet","8":"category-kryesore","9":"category-lajme"},"_links":{"self":[{"href":"https:\/\/zjarr.tv\/sq\/wp-json\/wp\/v2\/posts\/223769","targetHints":{"allow":["GET"]}}],"collection":[{"href":"https:\/\/zjarr.tv\/sq\/wp-json\/wp\/v2\/posts"}],"about":[{"href":"https:\/\/zjarr.tv\/sq\/wp-json\/wp\/v2\/types\/post"}],"author":[{"embeddable":true,"href":"https:\/\/zjarr.tv\/sq\/wp-json\/wp\/v2\/users\/2030"}],"replies":[{"embeddable":true,"href":"https:\/\/zjarr.tv\/sq\/wp-json\/wp\/v2\/comments?post=223769"}],"version-history":[{"count":0,"href":"https:\/\/zjarr.tv\/sq\/wp-json\/wp\/v2\/posts\/223769\/revisions"}],"wp:featuredmedia":[{"embeddable":true,"href":"https:\/\/zjarr.tv\/sq\/wp-json\/wp\/v2\/media\/208411"}],"wp:attachment":[{"href":"https:\/\/zjarr.tv\/sq\/wp-json\/wp\/v2\/media?parent=223769"}],"wp:term":[{"taxonomy":"category","embeddable":true,"href":"https:\/\/zjarr.tv\/sq\/wp-json\/wp\/v2\/categories?post=223769"},{"taxonomy":"post_tag","embeddable":true,"href":"https:\/\/zjarr.tv\/sq\/wp-json\/wp\/v2\/tags?post=223769"}],"curies":[{"name":"wp","href":"https:\/\/api.w.org\/{rel}","templated":true}]}}