{"id":225235,"date":"2021-12-18T15:54:48","date_gmt":"2021-12-18T14:54:48","guid":{"rendered":"https:\/\/zjarr.tv\/?p=225235"},"modified":"2021-12-18T15:54:48","modified_gmt":"2021-12-18T14:54:48","slug":"jemin-gjana-salla-ka-1800-karrige-por-ne-ketu-kemi-5004-delegate","status":"publish","type":"post","link":"https:\/\/zjarr.tv\/sq\/jemin-gjana-salla-ka-1800-karrige-por-ne-ketu-kemi-5004-delegate\/","title":{"rendered":"Jemin Gjana: Salla ka 1800 karrige, por ne k\u00ebtu kemi 5004 delegat\u00eb"},"content":{"rendered":"<p>Merr p\u00ebrmasa komike takimi i thirrur nga Lulzim Basha.<\/p>\n<p>Edhe pse salla e Pallatit t\u00eb Kongreseve mban diku te 1800 persona maksimumi, Jemin Gjana deklaron se aty jan\u00eb 5004 delegat\u00eb.<\/p>\n<p>Gjana u zgjodh kryetar i komisionit drejtues.<\/p>\n<p>Ai tha se n\u00eb sall\u00eb jan\u00eb t\u00eb pranish\u00ebm 5004 delegat\u00eb, edhe pse aty jan\u00eb vet\u00ebm 1800 karrige.<\/p>\n<p>&#8220;Nga t\u00eb dh\u00ebnat e regjistrimeve n\u00eb t\u00eb 14 komisionet e verifikimit t\u00eb mandateve t\u00eb delegat\u00ebve t\u00eb Kuvendit, sekretariati pran\u00eb k\u00ebtij komisioni ka dor\u00ebzuar t\u00eb dh\u00ebnat e pjes\u00ebmarrjes. Kuvendi ka gjithsej 7600 delegat\u00eb. Sipas prezenc\u00ebs s\u00eb n\u00ebnshkruar prej secilit prej tyre, jan\u00eb t\u00eb pranish\u00ebm n\u00eb Kuvendin Komb\u00ebtar 5004 delegat\u00eb\u201d, tha Jemin Gjana<\/p>\n","protected":false},"excerpt":{"rendered":"<p>Merr p\u00ebrmasa komike takimi i thirrur nga Lulzim Basha. Edhe pse salla e Pallatit t\u00eb Kongreseve mban diku te 1800 persona maksimumi, Jemin Gjana deklaron se aty jan\u00eb 5004 delegat\u00eb. Gjana u zgjodh kryetar i komisionit drejtues. Ai tha se n\u00eb sall\u00eb jan\u00eb t\u00eb pranish\u00ebm 5004 delegat\u00eb, edhe pse aty jan\u00eb vet\u00ebm 1800 karrige. &#8220;Nga [&hellip;]<\/p>\n","protected":false},"author":2031,"featured_media":225236,"comment_status":"closed","ping_status":"closed","sticky":false,"template":"","format":"standard","meta":{"footnotes":""},"categories":[231],"tags":[],"class_list":{"0":"post-225235","1":"post","2":"type-post","3":"status-publish","4":"format-standard","5":"has-post-thumbnail","7":"category-lajme"},"_links":{"self":[{"href":"https:\/\/zjarr.tv\/sq\/wp-json\/wp\/v2\/posts\/225235","targetHints":{"allow":["GET"]}}],"collection":[{"href":"https:\/\/zjarr.tv\/sq\/wp-json\/wp\/v2\/posts"}],"about":[{"href":"https:\/\/zjarr.tv\/sq\/wp-json\/wp\/v2\/types\/post"}],"author":[{"embeddable":true,"href":"https:\/\/zjarr.tv\/sq\/wp-json\/wp\/v2\/users\/2031"}],"replies":[{"embeddable":true,"href":"https:\/\/zjarr.tv\/sq\/wp-json\/wp\/v2\/comments?post=225235"}],"version-history":[{"count":0,"href":"https:\/\/zjarr.tv\/sq\/wp-json\/wp\/v2\/posts\/225235\/revisions"}],"wp:featuredmedia":[{"embeddable":true,"href":"https:\/\/zjarr.tv\/sq\/wp-json\/wp\/v2\/media\/225236"}],"wp:attachment":[{"href":"https:\/\/zjarr.tv\/sq\/wp-json\/wp\/v2\/media?parent=225235"}],"wp:term":[{"taxonomy":"category","embeddable":true,"href":"https:\/\/zjarr.tv\/sq\/wp-json\/wp\/v2\/categories?post=225235"},{"taxonomy":"post_tag","embeddable":true,"href":"https:\/\/zjarr.tv\/sq\/wp-json\/wp\/v2\/tags?post=225235"}],"curies":[{"name":"wp","href":"https:\/\/api.w.org\/{rel}","templated":true}]}}