{"id":225241,"date":"2021-12-18T16:03:26","date_gmt":"2021-12-18T15:03:26","guid":{"rendered":"https:\/\/zjarr.tv\/?p=225241"},"modified":"2021-12-18T16:03:26","modified_gmt":"2021-12-18T15:03:26","slug":"peka-rama-mbushi-sallen-e-bashes-pd-po-bashkohet-pas-8-vitesh","status":"publish","type":"post","link":"https:\/\/zjarr.tv\/sq\/peka-rama-mbushi-sallen-e-bashes-pd-po-bashkohet-pas-8-vitesh\/","title":{"rendered":"Peka: Rama mbushi sall\u00ebn e Bash\u00ebs, PD po bashkohet pas 8 vitesh"},"content":{"rendered":"<p>Analisti \u00c7im Peka, deklaroi nga studiot e SYRI TV, se salla e Pallatit t\u00eb Kongreseve, ku mbahej takimi i Lulzim Bash\u00ebs, \u00ebsht\u00eb mbushur nga Edi Rama.<\/p>\n<p>\u201cSa her\u00eb p\u00ebrmendej Rama, nuk kishte asnj\u00eb reagim,\u201d tha Peka, duke theksuar se vet\u00eb Rama e deklaroi mbr\u00ebm\u00eb se \u00ebsht\u00eb m\u00eb komod me Lulzim Bash\u00ebn.<\/p>\n<p>\u201cMe nj\u00eb njeri q\u00eb b\u00ebn pazar, ai \u00ebsht\u00eb m\u00eb komod,\u201d tha Peka.<\/p>\n<p>M\u00eb tej ai tha se referendumi p\u00ebr shkarkimin e Lulzim Bash\u00ebs po sh\u00ebnon shifra rekord.<\/p>\n<p>\u201cUn\u00eb isha skeptik q\u00eb do kishte k\u00ebt\u00eb pjes\u00ebmarrje. Por kjo pjes\u00ebmarrje \u00ebsht\u00eb m\u00eb e larta q\u00eb nj\u00eb parti politike ka b\u00ebr\u00eb n\u00eb 30 vite. Prandaj sot nuk \u00ebsht\u00eb rithemelimi i PD, por \u00ebsht\u00eb rithemelimi i pluralizmit n\u00eb vend&#8230;<\/p>\n<p>Rama \u00ebsht\u00eb hedhur n\u00eb sulm p\u00ebr t\u00eb mbajtur me \u00e7do kusht Bash\u00ebn. Por \u00ebsht\u00eb Basha q\u00eb po t\u00ebrheq posht\u00eb edhe zotin Rama. PD k\u00ebt\u00eb jav\u00eb \u00ebsht\u00eb shum\u00eb m\u00eb lart se me 25 prill. Kjo sepse PD nuk ka pasur struktura. P\u00ebr tet\u00eb vjet, Basha b\u00ebn sikur drejton pa struktura. \u00cbsht\u00eb hera e par\u00eb n\u00eb tet\u00eb vite q\u00eb PD po b\u00ebhet bashk\u00eb.<\/p>\n<p> PD nuk po p\u00ebr\u00e7ahet, po bashkohet sepse ajo ka qen\u00eb e ndar\u00eb. PD po bashkohet nga 100 pjes\u00eb n\u00eb 1 pjes\u00eb,\u201d tha Peka.<\/p>\n","protected":false},"excerpt":{"rendered":"<p>Analisti \u00c7im Peka, deklaroi nga studiot e SYRI TV, se salla e Pallatit t\u00eb Kongreseve, ku mbahej takimi i Lulzim Bash\u00ebs, \u00ebsht\u00eb mbushur nga Edi Rama. \u201cSa her\u00eb p\u00ebrmendej Rama, nuk kishte asnj\u00eb reagim,\u201d tha Peka, duke theksuar se vet\u00eb Rama e deklaroi mbr\u00ebm\u00eb se \u00ebsht\u00eb m\u00eb komod me Lulzim Bash\u00ebn. \u201cMe nj\u00eb njeri q\u00eb [&hellip;]<\/p>\n","protected":false},"author":2031,"featured_media":205473,"comment_status":"closed","ping_status":"closed","sticky":false,"template":"","format":"standard","meta":{"footnotes":""},"categories":[231],"tags":[],"class_list":{"0":"post-225241","1":"post","2":"type-post","3":"status-publish","4":"format-standard","5":"has-post-thumbnail","7":"category-lajme"},"_links":{"self":[{"href":"https:\/\/zjarr.tv\/sq\/wp-json\/wp\/v2\/posts\/225241","targetHints":{"allow":["GET"]}}],"collection":[{"href":"https:\/\/zjarr.tv\/sq\/wp-json\/wp\/v2\/posts"}],"about":[{"href":"https:\/\/zjarr.tv\/sq\/wp-json\/wp\/v2\/types\/post"}],"author":[{"embeddable":true,"href":"https:\/\/zjarr.tv\/sq\/wp-json\/wp\/v2\/users\/2031"}],"replies":[{"embeddable":true,"href":"https:\/\/zjarr.tv\/sq\/wp-json\/wp\/v2\/comments?post=225241"}],"version-history":[{"count":0,"href":"https:\/\/zjarr.tv\/sq\/wp-json\/wp\/v2\/posts\/225241\/revisions"}],"wp:featuredmedia":[{"embeddable":true,"href":"https:\/\/zjarr.tv\/sq\/wp-json\/wp\/v2\/media\/205473"}],"wp:attachment":[{"href":"https:\/\/zjarr.tv\/sq\/wp-json\/wp\/v2\/media?parent=225241"}],"wp:term":[{"taxonomy":"category","embeddable":true,"href":"https:\/\/zjarr.tv\/sq\/wp-json\/wp\/v2\/categories?post=225241"},{"taxonomy":"post_tag","embeddable":true,"href":"https:\/\/zjarr.tv\/sq\/wp-json\/wp\/v2\/tags?post=225241"}],"curies":[{"name":"wp","href":"https:\/\/api.w.org\/{rel}","templated":true}]}}