{"id":225262,"date":"2021-12-18T17:20:05","date_gmt":"2021-12-18T16:20:05","guid":{"rendered":"https:\/\/zjarr.tv\/?p=225262"},"modified":"2021-12-18T17:20:05","modified_gmt":"2021-12-18T16:20:05","slug":"e-forte-grida-duma-ia-thote-ne-sy-bashes-mbeshtetja-ime-pa-kushte-per-ty-ka-marre-fund-ja-cfare-duhet-te-besh-per-te-patur-mbeshtetjen-time","status":"publish","type":"post","link":"https:\/\/zjarr.tv\/sq\/e-forte-grida-duma-ia-thote-ne-sy-bashes-mbeshtetja-ime-pa-kushte-per-ty-ka-marre-fund-ja-cfare-duhet-te-besh-per-te-patur-mbeshtetjen-time\/","title":{"rendered":"E FORT\u00cb\/ Grida Duma ia thot\u00eb n\u00eb sy Bash\u00ebs: Mb\u00ebshtetja ime pa kushte p\u00ebr ty ka marr\u00eb fund! Ja \u00e7far\u00eb duhet t\u00eb b\u00ebsh p\u00ebr t\u00eb patur mb\u00ebshtetjen time"},"content":{"rendered":"<p>N\u00ebnkryetarja e Partis\u00eb Demokratike Grida Duma ka deklaruar mb\u00ebshtetjen e saj p\u00ebr kreun e PD-s\u00eb Lulzim Basha, por ka radhitur disa kushte.<\/p>\n<p>N\u00eb fjal\u00ebn e saj deputetja e PD theskoi se PD me n\u00eb krye Bash\u00ebn duhet t\u00eb shohin nga vetja dhe t\u00eb shk\u00ebputen nga verb\u00ebria 8 vje\u00e7are, duke zgjedhur nj\u00eb m\u00ebnyr\u00eb m\u00eb demokratike p\u00ebr t\u00eb mundur Edi Ram\u00ebn.<\/p>\n<p>Pjes\u00eb nga fjala e Grida Dum\u00ebs:<\/p>\n<p>Berisha ishte i pari q\u00eb shpalli masakr\u00ebn zgjedhore, ai nuk e shlyen kurr\u00eb fajin ndaj respektit t\u00eb demikrat\u00ebve. Ai merr p\u00ebrsip\u00ebr t\u00eb vendos\u00eb nj\u00eb paralele t\u00eb turpshme me BS dhe SHBA.Kujt ia tregon Berisha korruptimin e qeveris\u00eb s\u00eb SHBA dhe n\u00eb em\u00ebr t\u00eb kujt flet ai, kurr\u00ebn e kurr\u00ebs kjo akuz\u00eb monstruoz\u00eb nuk mund t\u00eb tolerohet. Kujt ia tregon Berisha dhe flet p\u00ebr bes\u00ebprerje t\u00eb Bash\u00ebs, nuk e di se cfar\u00eb bese i ka dh\u00ebn\u00eb Basha Berish\u00ebs.  Por un\u00eb e di se kur\u00ebn e kurr\u00ebs nuk \u00ebsht\u00eb shkelur statuti me p\u00ebrjashtimin e Berish\u00ebs nga grupi parlamentar<\/p>\n<p>Kryetar dua t\u00eb them q\u00eb mb\u00ebshtja ime pa kushte p\u00ebr ty ka marr\u00eb fund, ashtu si\u00e7 ka marr\u00eb fund respekti pa kushte p\u00ebr autoritetin moral t\u00eb Berish\u00ebs. Kushtin p\u00ebr t\u00eb mb\u00ebshtetur ty \u00ebsht\u00eb t\u00eb hap\u00ebsh syt\u00eb dhe vesh\u00ebt ndaj demokrat\u00ebve q\u00eb jan\u00eb pasoja e gjall\u00eb. Kushti im p\u00ebr t\u00eb mb\u00ebshtetur ty \u00ebsht\u00eb q\u00eb ta lem\u00eb verb\u00ebrin\u00eb 8-vje\u00e7are dhe t\u00eb shohim nga vetja se jeni ju q\u00eb t\u00eb na \u00e7oni n\u00eb fitore ndaj Ram\u00ebs. Kushti im m\u00eb tutje \u00ebsht\u00eb q\u00eb duhet harruar si t\u00eb mundim Edi Ram\u00ebn me t\u00eb nj\u00ebtijn model bunkeri q\u00eb ka nd\u00ebrtuar ai me PS, m\u00eb nj\u00eb PD t\u00eb hapur dhe t\u00eb gjer\u00eb e me moral.<\/p>\n<p>vijon..<\/p>\n","protected":false},"excerpt":{"rendered":"<p>N\u00ebnkryetarja e Partis\u00eb Demokratike Grida Duma ka deklaruar mb\u00ebshtetjen e saj p\u00ebr kreun e PD-s\u00eb Lulzim Basha, por ka radhitur disa kushte. N\u00eb fjal\u00ebn e saj deputetja e PD theskoi se PD me n\u00eb krye Bash\u00ebn duhet t\u00eb shohin nga vetja dhe t\u00eb shk\u00ebputen nga verb\u00ebria 8 vje\u00e7are, duke zgjedhur nj\u00eb m\u00ebnyr\u00eb m\u00eb demokratike p\u00ebr [&hellip;]<\/p>\n","protected":false},"author":2031,"featured_media":225263,"comment_status":"closed","ping_status":"closed","sticky":false,"template":"","format":"standard","meta":{"footnotes":""},"categories":[231],"tags":[],"class_list":{"0":"post-225262","1":"post","2":"type-post","3":"status-publish","4":"format-standard","5":"has-post-thumbnail","7":"category-lajme"},"_links":{"self":[{"href":"https:\/\/zjarr.tv\/sq\/wp-json\/wp\/v2\/posts\/225262","targetHints":{"allow":["GET"]}}],"collection":[{"href":"https:\/\/zjarr.tv\/sq\/wp-json\/wp\/v2\/posts"}],"about":[{"href":"https:\/\/zjarr.tv\/sq\/wp-json\/wp\/v2\/types\/post"}],"author":[{"embeddable":true,"href":"https:\/\/zjarr.tv\/sq\/wp-json\/wp\/v2\/users\/2031"}],"replies":[{"embeddable":true,"href":"https:\/\/zjarr.tv\/sq\/wp-json\/wp\/v2\/comments?post=225262"}],"version-history":[{"count":0,"href":"https:\/\/zjarr.tv\/sq\/wp-json\/wp\/v2\/posts\/225262\/revisions"}],"wp:featuredmedia":[{"embeddable":true,"href":"https:\/\/zjarr.tv\/sq\/wp-json\/wp\/v2\/media\/225263"}],"wp:attachment":[{"href":"https:\/\/zjarr.tv\/sq\/wp-json\/wp\/v2\/media?parent=225262"}],"wp:term":[{"taxonomy":"category","embeddable":true,"href":"https:\/\/zjarr.tv\/sq\/wp-json\/wp\/v2\/categories?post=225262"},{"taxonomy":"post_tag","embeddable":true,"href":"https:\/\/zjarr.tv\/sq\/wp-json\/wp\/v2\/tags?post=225262"}],"curies":[{"name":"wp","href":"https:\/\/api.w.org\/{rel}","templated":true}]}}