{"id":225267,"date":"2021-12-18T17:25:23","date_gmt":"2021-12-18T16:25:23","guid":{"rendered":"https:\/\/zjarr.tv\/?p=225267"},"modified":"2021-12-18T17:25:23","modified_gmt":"2021-12-18T16:25:23","slug":"skandal-pas-skandali-te-kuvendi-i-bashes-votuan-edhe-femijet","status":"publish","type":"post","link":"https:\/\/zjarr.tv\/sq\/skandal-pas-skandali-te-kuvendi-i-bashes-votuan-edhe-femijet\/","title":{"rendered":"Skandal pas skandali, te Kuvendi i Bash\u00ebs votuan edhe f\u00ebmij\u00ebt"},"content":{"rendered":"<p>Nj\u00eb tjet\u00ebr skadal vjen nga takimi i Bash\u00ebs me gjoja delegat\u00ebt e PD-s\u00eb n\u00eb Pallatin e Kongreseve.<\/p>\n<p>Pas militant\u00ebve socialist\u00eb, n\u00eb krah\u00eb t\u00eb Bash\u00ebs kan\u00eb votuar edhe f\u00ebmij\u00ebt p\u00ebr shkarkimin e ish-kryeministrit Sali Berisha nga K\u00ebshilli Komb\u00ebtar dhe Kuvendi i Partis\u00eb Demokratike.<\/p>\n<p>N\u00eb foton e publikuar nga Syri.net dallohet qart\u00eb dhe faktohet nj\u00eb tjet\u00ebr skandal se kan\u00eb votuar edhe f\u00ebmij\u00ebt.<\/p>\n","protected":false},"excerpt":{"rendered":"<p>Nj\u00eb tjet\u00ebr skadal vjen nga takimi i Bash\u00ebs me gjoja delegat\u00ebt e PD-s\u00eb n\u00eb Pallatin e Kongreseve. Pas militant\u00ebve socialist\u00eb, n\u00eb krah\u00eb t\u00eb Bash\u00ebs kan\u00eb votuar edhe f\u00ebmij\u00ebt p\u00ebr shkarkimin e ish-kryeministrit Sali Berisha nga K\u00ebshilli Komb\u00ebtar dhe Kuvendi i Partis\u00eb Demokratike. N\u00eb foton e publikuar nga Syri.net dallohet qart\u00eb dhe faktohet nj\u00eb tjet\u00ebr skandal [&hellip;]<\/p>\n","protected":false},"author":2031,"featured_media":225268,"comment_status":"closed","ping_status":"closed","sticky":false,"template":"","format":"standard","meta":{"footnotes":""},"categories":[231],"tags":[],"class_list":{"0":"post-225267","1":"post","2":"type-post","3":"status-publish","4":"format-standard","5":"has-post-thumbnail","7":"category-lajme"},"_links":{"self":[{"href":"https:\/\/zjarr.tv\/sq\/wp-json\/wp\/v2\/posts\/225267","targetHints":{"allow":["GET"]}}],"collection":[{"href":"https:\/\/zjarr.tv\/sq\/wp-json\/wp\/v2\/posts"}],"about":[{"href":"https:\/\/zjarr.tv\/sq\/wp-json\/wp\/v2\/types\/post"}],"author":[{"embeddable":true,"href":"https:\/\/zjarr.tv\/sq\/wp-json\/wp\/v2\/users\/2031"}],"replies":[{"embeddable":true,"href":"https:\/\/zjarr.tv\/sq\/wp-json\/wp\/v2\/comments?post=225267"}],"version-history":[{"count":0,"href":"https:\/\/zjarr.tv\/sq\/wp-json\/wp\/v2\/posts\/225267\/revisions"}],"wp:featuredmedia":[{"embeddable":true,"href":"https:\/\/zjarr.tv\/sq\/wp-json\/wp\/v2\/media\/225268"}],"wp:attachment":[{"href":"https:\/\/zjarr.tv\/sq\/wp-json\/wp\/v2\/media?parent=225267"}],"wp:term":[{"taxonomy":"category","embeddable":true,"href":"https:\/\/zjarr.tv\/sq\/wp-json\/wp\/v2\/categories?post=225267"},{"taxonomy":"post_tag","embeddable":true,"href":"https:\/\/zjarr.tv\/sq\/wp-json\/wp\/v2\/tags?post=225267"}],"curies":[{"name":"wp","href":"https:\/\/api.w.org\/{rel}","templated":true}]}}