{"id":225281,"date":"2021-12-18T18:02:06","date_gmt":"2021-12-18T17:02:06","guid":{"rendered":"https:\/\/zjarr.tv\/?p=225281"},"modified":"2021-12-18T18:02:06","modified_gmt":"2021-12-18T17:02:06","slug":"lul-brava-ve-3-delegate-per-karrige-noka-ironizon-kuvendin-e-bashes-kjo-eshte-per-barcalete","status":"publish","type":"post","link":"https:\/\/zjarr.tv\/sq\/lul-brava-ve-3-delegate-per-karrige-noka-ironizon-kuvendin-e-bashes-kjo-eshte-per-barcalete\/","title":{"rendered":"\u201cLul Brava v\u00eb 3 delegat\u00eb p\u00ebr karrige\u201d, Noka ironizon Kuvendin e Bash\u00ebs: Kjo \u00ebsht\u00eb p\u00ebr barcalet\u00eb!"},"content":{"rendered":"<p>Deputeti i Partis\u00eb Demokratike Flamur Noka e ka cil\u00ebsuar si historike pjes\u00ebmarrjen e lart\u00eb t\u00eb an\u00ebtar\u00ebve t\u00eb PD, t\u00eb cil\u00ebt iu drejtuan sot kutive t\u00eb votimit p\u00ebr shkarkimin e kreut t\u00eb PD-s\u00eb Lulzim Basha.<\/p>\n<p>Para gazetar\u00ebve ai p\u00ebrmendi faktin se Basha kishte mbledhur 5004 delegat\u00eb n\u00eb Pallatin e Kongreseve, nd\u00ebrkoh\u00eb sipas tij salla ka nj\u00eb kapacitet prej 1800 vendesh.<\/p>\n<p>\u201cJu jeni d\u00ebshmitar\u00eb t\u00eb nj\u00eb procesi m\u00eb t\u00eb past\u00ebr se kurr\u00eb se mund t\u00eb ket\u00eb drejtuar nj\u00eb forc\u00eb politke. Ju deshmitart\u00eb t\u00eb nj\u00eb pjes\u00ebmarrje m\u00eb t\u00eb lart\u00eb sec kurr\u00eb. N\u00eb nj\u00eb sall\u00eb ku ishin 1800 karrige Lul Brava kishte vendosur 5004 delegat\u00eb. Pra i bie 3 delegat\u00eb p\u00ebr karrige, kjo \u00ebsht\u00eb barcalet\u00eb.<\/p>\n<p>Shifrat ua ka dh\u00ebn\u00eb dhe do ua jap\u00eb Komisioni.Pavar\u00ebsisht bravave, Lul Brava nuk mund t\u2019ua mbyll\u00eb rrug\u00ebn demokrat\u00ebve n\u00eb asnj\u00eb moment. Ai mund t\u00eb mbylle vet\u00eb sic \u00ebsht\u00eb mbyllur n\u00eb bunker. Takimi i tij sic e pat\u00eb ju ishte takim punonj\u00ebsish call-centerash. Kishte pak demokrat\u00eb por edhe ish kryetar\u00eb bashkish socialiste.Un\u00eb besoj se shum\u00eb m\u00eb tep\u00ebr se \u00e7\u2019jan\u00eb drejtuar demokrat\u00ebt drejt kutive t\u00eb votimit m\u00eb 25 prill, jan\u00eb drejtuar sot\u201d, u shpreh Noka.<\/p>\n","protected":false},"excerpt":{"rendered":"<p>Deputeti i Partis\u00eb Demokratike Flamur Noka e ka cil\u00ebsuar si historike pjes\u00ebmarrjen e lart\u00eb t\u00eb an\u00ebtar\u00ebve t\u00eb PD, t\u00eb cil\u00ebt iu drejtuan sot kutive t\u00eb votimit p\u00ebr shkarkimin e kreut t\u00eb PD-s\u00eb Lulzim Basha. Para gazetar\u00ebve ai p\u00ebrmendi faktin se Basha kishte mbledhur 5004 delegat\u00eb n\u00eb Pallatin e Kongreseve, nd\u00ebrkoh\u00eb sipas tij salla ka nj\u00eb [&hellip;]<\/p>\n","protected":false},"author":2031,"featured_media":201489,"comment_status":"closed","ping_status":"closed","sticky":false,"template":"","format":"standard","meta":{"footnotes":""},"categories":[231],"tags":[],"class_list":{"0":"post-225281","1":"post","2":"type-post","3":"status-publish","4":"format-standard","5":"has-post-thumbnail","7":"category-lajme"},"_links":{"self":[{"href":"https:\/\/zjarr.tv\/sq\/wp-json\/wp\/v2\/posts\/225281","targetHints":{"allow":["GET"]}}],"collection":[{"href":"https:\/\/zjarr.tv\/sq\/wp-json\/wp\/v2\/posts"}],"about":[{"href":"https:\/\/zjarr.tv\/sq\/wp-json\/wp\/v2\/types\/post"}],"author":[{"embeddable":true,"href":"https:\/\/zjarr.tv\/sq\/wp-json\/wp\/v2\/users\/2031"}],"replies":[{"embeddable":true,"href":"https:\/\/zjarr.tv\/sq\/wp-json\/wp\/v2\/comments?post=225281"}],"version-history":[{"count":0,"href":"https:\/\/zjarr.tv\/sq\/wp-json\/wp\/v2\/posts\/225281\/revisions"}],"wp:featuredmedia":[{"embeddable":true,"href":"https:\/\/zjarr.tv\/sq\/wp-json\/wp\/v2\/media\/201489"}],"wp:attachment":[{"href":"https:\/\/zjarr.tv\/sq\/wp-json\/wp\/v2\/media?parent=225281"}],"wp:term":[{"taxonomy":"category","embeddable":true,"href":"https:\/\/zjarr.tv\/sq\/wp-json\/wp\/v2\/categories?post=225281"},{"taxonomy":"post_tag","embeddable":true,"href":"https:\/\/zjarr.tv\/sq\/wp-json\/wp\/v2\/tags?post=225281"}],"curies":[{"name":"wp","href":"https:\/\/api.w.org\/{rel}","templated":true}]}}