{"id":225287,"date":"2021-12-18T19:00:39","date_gmt":"2021-12-18T18:00:39","guid":{"rendered":"https:\/\/zjarr.tv\/?p=225287"},"modified":"2021-12-18T19:00:39","modified_gmt":"2021-12-18T18:00:39","slug":"bushati-karagjozllek-te-sillesh-si-pjesetar-i-shumices-ne-farsen-jeminjane-te-pallati-i-kongreseve","status":"publish","type":"post","link":"https:\/\/zjarr.tv\/sq\/bushati-karagjozllek-te-sillesh-si-pjesetar-i-shumices-ne-farsen-jeminjane-te-pallati-i-kongreseve\/","title":{"rendered":"Bushati : Karagjozll\u00ebk te sillesh si pjes\u00ebtar i shumic\u00ebs n\u00eb fars\u00ebn jeminjane te Pallati i Kongreseve"},"content":{"rendered":"<p>Nga Andi Bushati<\/p>\n<p>Nuk eshte turp, as te mbeshtesesh Bashen, madje, madje, as te besosh te ai.<\/p>\n<p>Aq me pak eshte e tille po denoncove mekatet, hipokrizine apo krimet e Berishes. Secili eshte i lire te kete mendimin e vet.<\/p>\n<p>Por ama, eshte karagjozllek te sillesh si pjestar i shumices ne farsen jeminjane te Pallati te Kongreseve.<\/p>\n<p>\u00c7fare trishtimi ti shikoja tek aktronin ne kete estrade disa njerez qe i kisha ditur per luftetare kunder regjimit.<\/p>\n","protected":false},"excerpt":{"rendered":"<p>Nga Andi Bushati Nuk eshte turp, as te mbeshtesesh Bashen, madje, madje, as te besosh te ai. Aq me pak eshte e tille po denoncove mekatet, hipokrizine apo krimet e Berishes. Secili eshte i lire te kete mendimin e vet. Por ama, eshte karagjozllek te sillesh si pjestar i shumices ne farsen jeminjane te Pallati [&hellip;]<\/p>\n","protected":false},"author":2031,"featured_media":187788,"comment_status":"closed","ping_status":"closed","sticky":false,"template":"","format":"standard","meta":{"footnotes":""},"categories":[231],"tags":[],"class_list":{"0":"post-225287","1":"post","2":"type-post","3":"status-publish","4":"format-standard","5":"has-post-thumbnail","7":"category-lajme"},"_links":{"self":[{"href":"https:\/\/zjarr.tv\/sq\/wp-json\/wp\/v2\/posts\/225287","targetHints":{"allow":["GET"]}}],"collection":[{"href":"https:\/\/zjarr.tv\/sq\/wp-json\/wp\/v2\/posts"}],"about":[{"href":"https:\/\/zjarr.tv\/sq\/wp-json\/wp\/v2\/types\/post"}],"author":[{"embeddable":true,"href":"https:\/\/zjarr.tv\/sq\/wp-json\/wp\/v2\/users\/2031"}],"replies":[{"embeddable":true,"href":"https:\/\/zjarr.tv\/sq\/wp-json\/wp\/v2\/comments?post=225287"}],"version-history":[{"count":0,"href":"https:\/\/zjarr.tv\/sq\/wp-json\/wp\/v2\/posts\/225287\/revisions"}],"wp:featuredmedia":[{"embeddable":true,"href":"https:\/\/zjarr.tv\/sq\/wp-json\/wp\/v2\/media\/187788"}],"wp:attachment":[{"href":"https:\/\/zjarr.tv\/sq\/wp-json\/wp\/v2\/media?parent=225287"}],"wp:term":[{"taxonomy":"category","embeddable":true,"href":"https:\/\/zjarr.tv\/sq\/wp-json\/wp\/v2\/categories?post=225287"},{"taxonomy":"post_tag","embeddable":true,"href":"https:\/\/zjarr.tv\/sq\/wp-json\/wp\/v2\/tags?post=225287"}],"curies":[{"name":"wp","href":"https:\/\/api.w.org\/{rel}","templated":true}]}}