{"id":225303,"date":"2021-12-19T07:37:24","date_gmt":"2021-12-19T06:37:24","guid":{"rendered":"https:\/\/zjarr.tv\/?p=225303"},"modified":"2021-12-19T07:37:24","modified_gmt":"2021-12-19T06:37:24","slug":"paske-lindur-me-kemishe-o-edi-rama","status":"publish","type":"post","link":"https:\/\/zjarr.tv\/sq\/paske-lindur-me-kemishe-o-edi-rama\/","title":{"rendered":"Paske lindur me k\u00ebmish\u00eb, o Edi Rama\u2026"},"content":{"rendered":"<p>Nga Kreshnik Spahiu<\/p>\n<p>Demokrat\u00eb quhen, por ve\u00e7 demokrat\u00eb s\u2019jan\u00eb. Historikisht luft\u00ebn brenda llojit e kan\u00eb b\u00ebr\u00eb m\u00eb t\u00eb fort\u00eb se me socialist\u00ebt.<\/p>\n<p>N\u00eb fund p\u00ebr nj\u00eb plesht e dogj\u00ebn jorganin.<\/p>\n<p>Sali Berisha dhe Lulzim Basha ishin n\u00eb 2013, njer\u00ebz shum\u00eb t\u00eb fuqish\u00ebm, sepse ishin n\u00eb pushtet, respektivisht, Kryeminist\u00ebr dhe Minist\u00ebr i Brendsh\u00ebm, por, pavar\u00ebsisht forc\u00ebs, ata i mundi Edi Rama me 1 milion vota.<\/p>\n<p>Sot, Berisha dhe Basha jan\u00eb t\u00eb d\u00ebrrmuar, konsumuar dhe kan\u00eb d\u00ebshtuar n\u00eb disa zgjedhje p\u00ebrball\u00eb Ram\u00ebs.<\/p>\n<p>T\u00eb dy bashk\u00eb dhe n\u00eb pushtet me burime njer\u00ebzore dhe financiare, ata nuk e mund\u00ebn dot Ram\u00ebn, imagjinoni pas nj\u00eb dekade shuplakash dhe t\u00eb ndar\u00eb nga nj\u00ebri-tjetri se \u00e7far\u00eb rezultati mund t\u00eb marrin n\u00eb zgjedhje.<\/p>\n<p>Shqip\u00ebria zyrtarisht nga sot nuk ka opozit\u00eb.<\/p>\n<p>N\u00eb fakt, prej vitesh ajo ishte shnd\u00ebrruar n\u00eb nj\u00eb Shoq\u00ebri Tregtare me dy ortak\u00eb, e cila vet\u00ebm b\u00ebnte lek duke shitur kauzat, mandatet, protestat, elektoratin apo listat e deputet\u00ebve me zarfe.<\/p>\n<p>Deri dje vazhdonte rrudhja, dhe t\u00eb pakt\u00ebn n\u00eb 7 qytete, ajo nuk kishte as deg\u00eb t\u00eb Partis\u00eb Demokratike, aq sa detyrohej n\u00eb disa zona, kryetar\u00ebt e PD i em\u00ebronte Taulant Balla se ishin inegzistente.<\/p>\n<p>Dje, Aleat\u00ebt gjerman\u00eb t\u00eb PD, zgjodh\u00ebn Friedeich Merz, kryetarin e ri t\u00eb CDU. Basha dhe Berisha vrapuan shpejt ta urojn\u00eb, por, t\u00eb dy harrojn\u00eb, q\u00eb kryetari, i cili dha dor\u00ebheqjen, Armin Laschet u largua pasi humbi zgjedhjet, pavar\u00ebsisht se nuk kishte asnj\u00eb p\u00ebrgjegj\u00ebsi sepse qendroi vet\u00ebm tre muaj kryetar dhe s\u2019kishte faj p\u00ebr d\u00ebshtimin.<\/p>\n<p>3 muaj dhe iku. K\u00ebta 30-vjet, humbin 13 her\u00eb, por nuk shkulen. T\u00eb humbur, t\u00eb dhjer\u00eb, por \u2018krenar\u2019\u2026<\/p>\n<p>Po dje, gjyqtari \u00e7\u00ebshtjen q\u00eb kishte dosjen e shkarkimit Lulzim Bash\u00ebs nga \u201cStadiumi Berish\u00ebs\u201d, dha dor\u00ebheqjen nga \u00e7\u00ebshtja duke paralajm\u00ebruar kalavar t\u00eb gjat\u00eb labirinthesh gjyq\u00ebsore. Pro\u00e7edura n\u00eb Gjykat\u00ebn e Rrethit, Gjykat\u00ebn e Apelit, Gjykat\u00ebn e Lart\u00eb dhe Kushtetuese do zgjasin 4-5 vjet.<\/p>\n<p>Nuk \u00ebsht\u00eb \u00e7udi q\u00eb Berisha pasi t\u00eb humbas ta \u00e7oj n\u00eb Franc\u00eb n\u00eb gjykat\u00ebn e Strasburgut dhe deri at\u00ebher\u00eb Rama fiton mandatin 4-5-6Un\u00eb kam qen\u00eb dhe jam i bindur se \u00e7el\u00ebsat dhe zyrat e partis\u00eb do i mbaj Lulzim Basha, por shumic\u00ebn elektoratit do i marr Berisha.<\/p>\n<p>Un\u00eb kam qen\u00eb dhe jam i bindur se \u00e7el\u00ebsat dhe zyrat e partis\u00eb, do i mbaj\u00eb Lulzim Basha, por shumic\u00ebn e elektoratit do i marr\u00eb Berisha.<\/p>\n<p>T\u00eb dy jan\u00eb t\u00eb humbur:<\/p>\n<p>\u2013 Basha ka \u00e7el\u00ebsa, por shum\u00eb armiq brenda llojit. Atij i kan\u00eb ngelur vet\u00ebm disa deputet\u00eb me familjet e tyre<\/p>\n<p>\u2013 Berisha ka elektorat, por s\u2019ka parti.<\/p>\n<p>Zgjedhjet e ardhshme do kemi nj\u00eb situat\u00eb tragji-komike.<\/p>\n<p>Edi Rama do garoj\u00eb i vet\u00ebm, pa opozit\u00eb sepse gara e v\u00ebrtet\u00eb do jet\u00eb kush gropos nj\u00ebri-tjetrin mes Berish\u00ebs dhe Bash\u00ebs.<\/p>\n<p>T\u00eb dy nuk do luftojn\u00eb p\u00ebr pushtet, por p\u00ebr gjakmarrje.<\/p>\n<p>Koalicion nuk b\u00ebjn\u00eb sot se nuk i lejon Amerika, k\u00ebshtu q\u00eb i bie t\u00eb vrasin nj\u00ebri-tjetrin politikisht.<\/p>\n<p>Partia e Re e Berish\u00ebs do p\u00ebrpiqet t\u00eb krijoj\u00eb nj\u00eb grup parlamentar.<\/p>\n<p>Nd\u00ebrsa, Partia Demokratike e Luzim Bash\u00ebs do e ket\u00eb shum\u00eb t\u00eb v\u00ebshtir\u00eb t\u00eb hyj\u00eb n\u00eb parlament.<\/p>\n<p>Pra, me pak fjal\u00eb, beteja zyrtare n\u00eb 2025 do jet\u00eb Edi Rama kund\u00ebr Gaz Bardhit, sepse gara reale do jet\u00eb Berisha kund\u00ebr Bash\u00ebs.<\/p>\n<p>Kush e njeh nga af\u00ebr Berish\u00ebn, duhet t\u00eb nd\u00ebrgjegj\u00ebsohet, q\u00eb ai tashm\u00eb ka vet\u00ebm nj\u00eb \u00ebnd\u00ebrr dhe amanet, t\u00eb djeg\u00eb Lulzimin me gjith\u00eb tavolin\u00eb dhe karrige.<\/p>\n<p>Deri at\u00ebher\u00eb, Edi Rama do vazhdoj\u00eb t\u00eb nd\u00ebrroj\u00eb kollaret e tij, sepse k\u00ebmish\u00ebn e ka n\u00eb trup q\u00eb kur lindi dashuria Berisha-Basha.<\/p>\n","protected":false},"excerpt":{"rendered":"<p>Nga Kreshnik Spahiu Demokrat\u00eb quhen, por ve\u00e7 demokrat\u00eb s\u2019jan\u00eb. Historikisht luft\u00ebn brenda llojit e kan\u00eb b\u00ebr\u00eb m\u00eb t\u00eb fort\u00eb se me socialist\u00ebt. N\u00eb fund p\u00ebr nj\u00eb plesht e dogj\u00ebn jorganin. Sali Berisha dhe Lulzim Basha ishin n\u00eb 2013, njer\u00ebz shum\u00eb t\u00eb fuqish\u00ebm, sepse ishin n\u00eb pushtet, respektivisht, Kryeminist\u00ebr dhe Minist\u00ebr i Brendsh\u00ebm, por, pavar\u00ebsisht forc\u00ebs, [&hellip;]<\/p>\n","protected":false},"author":2031,"featured_media":188396,"comment_status":"closed","ping_status":"closed","sticky":false,"template":"","format":"standard","meta":{"footnotes":""},"categories":[231],"tags":[],"class_list":{"0":"post-225303","1":"post","2":"type-post","3":"status-publish","4":"format-standard","5":"has-post-thumbnail","7":"category-lajme"},"_links":{"self":[{"href":"https:\/\/zjarr.tv\/sq\/wp-json\/wp\/v2\/posts\/225303","targetHints":{"allow":["GET"]}}],"collection":[{"href":"https:\/\/zjarr.tv\/sq\/wp-json\/wp\/v2\/posts"}],"about":[{"href":"https:\/\/zjarr.tv\/sq\/wp-json\/wp\/v2\/types\/post"}],"author":[{"embeddable":true,"href":"https:\/\/zjarr.tv\/sq\/wp-json\/wp\/v2\/users\/2031"}],"replies":[{"embeddable":true,"href":"https:\/\/zjarr.tv\/sq\/wp-json\/wp\/v2\/comments?post=225303"}],"version-history":[{"count":0,"href":"https:\/\/zjarr.tv\/sq\/wp-json\/wp\/v2\/posts\/225303\/revisions"}],"wp:featuredmedia":[{"embeddable":true,"href":"https:\/\/zjarr.tv\/sq\/wp-json\/wp\/v2\/media\/188396"}],"wp:attachment":[{"href":"https:\/\/zjarr.tv\/sq\/wp-json\/wp\/v2\/media?parent=225303"}],"wp:term":[{"taxonomy":"category","embeddable":true,"href":"https:\/\/zjarr.tv\/sq\/wp-json\/wp\/v2\/categories?post=225303"},{"taxonomy":"post_tag","embeddable":true,"href":"https:\/\/zjarr.tv\/sq\/wp-json\/wp\/v2\/tags?post=225303"}],"curies":[{"name":"wp","href":"https:\/\/api.w.org\/{rel}","templated":true}]}}