{"id":225313,"date":"2021-12-19T07:44:23","date_gmt":"2021-12-19T06:44:23","guid":{"rendered":"https:\/\/zjarr.tv\/?p=225313"},"modified":"2021-12-19T07:44:23","modified_gmt":"2021-12-19T06:44:23","slug":"berisha-organizoi-referendum-basha-rreth-7-ore-ne-kuvend-vjen-reagimi-i-pare-nga-ambasada-e-shba","status":"publish","type":"post","link":"https:\/\/zjarr.tv\/sq\/berisha-organizoi-referendum-basha-rreth-7-ore-ne-kuvend-vjen-reagimi-i-pare-nga-ambasada-e-shba\/","title":{"rendered":"Berisha organizoi referendum, Basha rreth 7 or\u00eb n\u00eb Kuvend. Vjen reagimi i par\u00eb nga ambasada e SHBA"},"content":{"rendered":"<p>it\u00ebn e sotme, nga nj\u00ebra an\u00eb \u00ebsht\u00eb mbajtur nj\u00eb Kuvend i PD, nga kryedemorkati Lulzim Basha nd\u00ebrsa nga ana tjet\u00ebr, \u00ebsht\u00eb mbajtur edhe referendumi p\u00ebr shkarkimin e k\u00ebtij t\u00eb fundit nga posti q\u00eb mban.<\/p>\n<p>Lidhur me k\u00ebt\u00eb, nga ambasada e SHBA nuk ka pasur ndonj\u00eb deklarat\u00eb p\u00ebr media por s\u00eb fundmi faqja zyrtare n\u00eb FB ka shp\u00ebrndar\u00eb nj\u00eb status dedikuar samitit p\u00ebr Demorkaci dhe ku n\u00ebnvizohen 3 prioritete.<\/p>\n<p>Postimi i Plot\u00eb nga ambasada Amerikane:<\/p>\n<p>Samiti p\u00ebr Demokracin\u00eb mund t\u00eb ket\u00eb mbaruar, por puna jona sapo ka nisur. S\u00eb bashku ne po nisim:<\/p>\n<p> Partneritete p\u00ebr t\u00eb forcuar bashk\u00ebpunimin midis demokracive.<\/p>\n<p>Mjete t\u00eb reja p\u00ebr llogaridh\u00ebnie dhe transparenc\u00eb.<\/p>\n<p>Nj\u00eb pozicion p\u00ebr t\u00eb koordinuar p\u00ebrpjekjet bot\u00ebrore kund\u00ebr korrupsionit.<\/p>\n","protected":false},"excerpt":{"rendered":"<p>it\u00ebn e sotme, nga nj\u00ebra an\u00eb \u00ebsht\u00eb mbajtur nj\u00eb Kuvend i PD, nga kryedemorkati Lulzim Basha nd\u00ebrsa nga ana tjet\u00ebr, \u00ebsht\u00eb mbajtur edhe referendumi p\u00ebr shkarkimin e k\u00ebtij t\u00eb fundit nga posti q\u00eb mban. Lidhur me k\u00ebt\u00eb, nga ambasada e SHBA nuk ka pasur ndonj\u00eb deklarat\u00eb p\u00ebr media por s\u00eb fundmi faqja zyrtare n\u00eb FB [&hellip;]<\/p>\n","protected":false},"author":2031,"featured_media":163472,"comment_status":"closed","ping_status":"closed","sticky":false,"template":"","format":"standard","meta":{"footnotes":""},"categories":[231],"tags":[],"class_list":{"0":"post-225313","1":"post","2":"type-post","3":"status-publish","4":"format-standard","5":"has-post-thumbnail","7":"category-lajme"},"_links":{"self":[{"href":"https:\/\/zjarr.tv\/sq\/wp-json\/wp\/v2\/posts\/225313","targetHints":{"allow":["GET"]}}],"collection":[{"href":"https:\/\/zjarr.tv\/sq\/wp-json\/wp\/v2\/posts"}],"about":[{"href":"https:\/\/zjarr.tv\/sq\/wp-json\/wp\/v2\/types\/post"}],"author":[{"embeddable":true,"href":"https:\/\/zjarr.tv\/sq\/wp-json\/wp\/v2\/users\/2031"}],"replies":[{"embeddable":true,"href":"https:\/\/zjarr.tv\/sq\/wp-json\/wp\/v2\/comments?post=225313"}],"version-history":[{"count":0,"href":"https:\/\/zjarr.tv\/sq\/wp-json\/wp\/v2\/posts\/225313\/revisions"}],"wp:featuredmedia":[{"embeddable":true,"href":"https:\/\/zjarr.tv\/sq\/wp-json\/wp\/v2\/media\/163472"}],"wp:attachment":[{"href":"https:\/\/zjarr.tv\/sq\/wp-json\/wp\/v2\/media?parent=225313"}],"wp:term":[{"taxonomy":"category","embeddable":true,"href":"https:\/\/zjarr.tv\/sq\/wp-json\/wp\/v2\/categories?post=225313"},{"taxonomy":"post_tag","embeddable":true,"href":"https:\/\/zjarr.tv\/sq\/wp-json\/wp\/v2\/tags?post=225313"}],"curies":[{"name":"wp","href":"https:\/\/api.w.org\/{rel}","templated":true}]}}