{"id":225323,"date":"2021-12-19T10:55:06","date_gmt":"2021-12-19T09:55:06","guid":{"rendered":"https:\/\/zjarr.tv\/?p=225323"},"modified":"2021-12-19T10:55:06","modified_gmt":"2021-12-19T09:55:06","slug":"fatbardh-kadilli-ia-thote-bashes-ne-sy-pd-nuk-vjen-kurre-ne-pushtet-me-ty-ti-duhet-te-dorehiqesh-dhe-berisha-nuk-duhet-lejuar-te-kandidoje","status":"publish","type":"post","link":"https:\/\/zjarr.tv\/sq\/fatbardh-kadilli-ia-thote-bashes-ne-sy-pd-nuk-vjen-kurre-ne-pushtet-me-ty-ti-duhet-te-dorehiqesh-dhe-berisha-nuk-duhet-lejuar-te-kandidoje\/","title":{"rendered":"Fatbardh Kadilli ia thot\u00eb Bash\u00ebs n\u00eb sy: PD nuk vjen kurr\u00eb n\u00eb pushtet me ty! Ti duhet t\u00eb dor\u00ebhiqesh dhe Berisha nuk duhet lejuar t\u00eb kandidoj\u00eb"},"content":{"rendered":"<p>Fatbardh Kadili ka mbajtur fjal\u00ebn e tij n\u00eb Kuvendin Komb\u00ebtar t\u00eb Partis\u00eb Demokratike, ku nuk i ka kursyer kritikat e forta ndaj kryedemokratit Lulzim Basha. Ai \u00ebsht\u00eb shprehur se PD nuk mund t\u00eb vij\u00eb kurr\u00eb n\u00eb pushtet me Bash\u00ebn, pasi \u00ebsht\u00eb nj\u00eb politikan i konsumuar. Sipas tij, dor\u00ebheqja e Bash\u00ebs dhe mos-lejimi i kandidimit t\u00eb Berish\u00ebs jan\u00eb e vetmja mund\u00ebsi q\u00eb PD t\u00eb mos ndahet n\u00eb 2 parti.<\/p>\n<p>\u201cImagjinoni p\u00ebr nj\u00eb moment n\u00eb nj\u00eb vend tjet\u00ebr t\u00eb bot\u00ebs, nj\u00eb parti q\u00eb humbet 4 pal\u00eb zgjedhje rresht, b\u00ebhet parti e par\u00eb q\u00eb kalon p\u00ebr her\u00eb t\u00eb 3 rresht mandatin n\u00eb opozit\u00eb. Imagjinoni q\u00eb partia nuk b\u00ebn asnj\u00eb analiz\u00eb, por vet\u00ebm faj\u00ebson kund\u00ebrshtarin. Imagjinoni q\u00eb udh\u00ebheq\u00ebsi i saj edhe pas humbjes s\u00eb 4 nuk jep dor\u00ebheqjen por drejton partin\u00eb si m\u00eb par\u00eb. \u00c7far\u00eb do t\u00eb mendonit p\u00ebr at\u00eb vend? A do t\u00eb mendonit se kjo histori \u00ebsht\u00eb n\u00eb nj\u00eb vend per\u00ebndimor? Imagjinoni n\u00ebse n\u00eb at\u00eb parti plas nj\u00eb konflikt i brendsh\u00ebm dhe udh\u00ebheq\u00ebsit t\u00eb saj i k\u00ebrkohet t\u00eb jap\u00eb dor\u00ebheqjen. Ai refuzon dhe an\u00ebtar\u00ebt e saj krijojn\u00eb l\u00ebvizje p\u00ebr ta shkarkuar. Imagjinoni q\u00eb udh\u00ebheq\u00ebsi kund\u00ebrp\u00ebrgjigjet dhe fillon shkarkimet. \u00c7far\u00eb do t\u00eb mendoni p\u00ebr k\u00ebt\u00eb parti?<\/p>\n<p>Ju keni nj\u00eb tregim krejt tjet\u00ebr, por \u00ebsht\u00eb nj\u00eb tregim q\u00eb mbushte me iluzione. Ju keni nj\u00eb koh\u00eb jo t\u00eb vog\u00ebl q\u00eb g\u00eblltisni g\u00ebnjeshtr\u00ebnm q\u00eb krijohet. G\u00ebnjeshtra e par\u00eb q\u00eb i thoni vetes, \u00ebsht\u00eb q\u00eb kriza nisi n\u00eb 9 shtator, vet\u00ebm se fuqia e Berish\u00ebs krijoi sherr. N\u00ebse doni nj\u00eb dat\u00eb q\u00eb b\u00ebri kriz\u00ebn, \u00ebsht\u00eb 26 Prilli, ku Lulzim basha vendosi t\u00eb mos jap\u00eb dor\u00ebheqje. N\u00eb 26 Prill zgjodhi t\u00eb jet\u00eb nj\u00eb parti pa forc\u00eb, q\u00eb udh\u00ebhiqet nga nj\u00eb njeri i vog\u00ebl.<\/p>\n<p>G\u00ebnjeshtra e dyt\u00eb q\u00eb i tregoni vetes \u00ebsht\u00eb q\u00eb fitorja mund t\u00eb vija pa ndryshuar. Demokrat\u00ebt k\u00ebrkojn\u00eb ndryshim t\u00eb thell\u00eb, por ju keni rezistuar. K\u00ebt\u00eb arroganc\u00eb tuaj p\u00ebr t\u00eb mos ndryshuar shfryt\u00ebzoi Sali Berisha, q\u00eb bashk\u00ebngjiti hallin e tij me shum\u00eb demokrat\u00eb kund\u00ebr jush. T\u00eb gjith\u00eb e din\u00eb q\u00eb demokrat\u00ebt kan\u00eb humbur besimin te ju, vet\u00ebm ju nuk e kuptoni. Prandaj Berisha iu shet demokrat\u00ebve iluzion t\u00eb ndryshimit p\u00ebr t\u00eb b\u00ebr\u00eb at\u00eb q\u00eb ata d\u00ebshirojn\u00eb.<\/p>\n<p>G\u00ebnjeshtra e tret\u00eb jan\u00eb disa p\u00ebrralla me koservatoriz\u00ebm. Ne nuk kemi \u00e7far\u00eb konservojm\u00eb, sepse n\u00eb t\u00eb shkuar\u00ebn ton\u00eb \u00ebsht\u00eb berishizmi, komunizmi dhe otomanizmi. PD ka nevoj\u00eb p\u00ebr t\u2019u modernizuar. PD la nevoj\u00eb t\u00eb p\u00ebrparoj\u00eb p\u00ebr t\u2019u shnd\u00ebrruar n\u00eb nj\u00eb aprti europiane.<\/p>\n<p>G\u00ebnjimi i kat\u00ebrt \u00ebsht\u00eb q\u00eb qenkemi t\u00eb preferuar t\u00eb amerikan\u00ebve. Amerika \u00ebsht\u00eb aleati i popullit shqiptar dhe qeveris\u00eb shqiptare. Ju jeni pak i pathelluar q\u00eb mendoni se Amerika b\u00ebn aleanc\u00eb me parti, q\u00eb do t\u00eb b\u00ebj\u00eb Lulzim Bash\u00ebn kryeminist\u00ebr dhe udh\u00ebheq\u00ebsit e tjer\u00eb ministra e drejtor\u00eb. SHBA kan\u00eb b\u00ebr\u00eb t\u00eb qart\u00eb q\u00ebndrimin p\u00ebr Berish\u00ebn. Ka shum\u00eb arsye q\u00eb Berisha nuk duhet t\u00eb jet\u00eb kryetar i PD-s\u00eb dhe kjo \u00ebsht\u00eb nj\u00eb nga ato. Ideja q\u00eb SHBA do t\u00eb sjell\u00eb PD-n\u00eb n\u00eb pushtet \u00ebsht\u00eb e gabuar. Amerika ka nevoj\u00eb p\u00ebr nj\u00eb PD t\u00eb fort\u00eb. N\u00ebse jeni pro amerikan, ndaloni spastrimet anti-komuniste, mos u mbyllni n\u00eb seli dhe mos flisni p\u00ebr an\u00ebtar\u00ebt kudo q\u00eb jan\u00eb, sepse vete\u00ebm vota e tyre mund t\u2019ju sjell\u00eb n\u00eb pushtet.<\/p>\n<p>PD ndodhet sot n\u00eb prag t\u00eb ndarjes n\u00eb 2 parti. Ka nj\u00eb realitet, por ka edhe nj\u00eb tjet\u00ebr q\u00eb e pam\u00eb n\u00eb dat\u00ebn 11. E di se disa prej ush\u00ebheq\u00ebsve nuk u intereson, pasi jan\u00eb t\u00eb interesuar t\u00eb marrin at\u00eb cop\u00ebn nga PD. Ka vet\u00ebm nj\u00eb mund\u00ebsi q\u00eb kjo t\u00eb shmanget. Dor\u00ebheqja e Lulzim Bash\u00ebs dhe mos lejimi i kandidimit t\u00eb Sali Berish\u00ebs. Ju nuk do vini kurr\u00eb n\u00eb pushtet sepse jeni konsumuar. PD mund ta sjell\u00eb n\u00eb pushtet vet\u00ebm nj\u00eb ekip i ri\u201d, tha Kadilli.<\/p>\n","protected":false},"excerpt":{"rendered":"<p>Fatbardh Kadili ka mbajtur fjal\u00ebn e tij n\u00eb Kuvendin Komb\u00ebtar t\u00eb Partis\u00eb Demokratike, ku nuk i ka kursyer kritikat e forta ndaj kryedemokratit Lulzim Basha. Ai \u00ebsht\u00eb shprehur se PD nuk mund t\u00eb vij\u00eb kurr\u00eb n\u00eb pushtet me Bash\u00ebn, pasi \u00ebsht\u00eb nj\u00eb politikan i konsumuar. Sipas tij, dor\u00ebheqja e Bash\u00ebs dhe mos-lejimi i kandidimit t\u00eb [&hellip;]<\/p>\n","protected":false},"author":2030,"featured_media":225324,"comment_status":"closed","ping_status":"closed","sticky":false,"template":"","format":"standard","meta":{"footnotes":""},"categories":[241,3366,5380,231,1454],"tags":[],"class_list":{"0":"post-225323","1":"post","2":"type-post","3":"status-publish","4":"format-standard","5":"has-post-thumbnail","7":"category-aktualitet","8":"category-koment","9":"category-kryesore","10":"category-lajme","11":"category-politike"},"_links":{"self":[{"href":"https:\/\/zjarr.tv\/sq\/wp-json\/wp\/v2\/posts\/225323","targetHints":{"allow":["GET"]}}],"collection":[{"href":"https:\/\/zjarr.tv\/sq\/wp-json\/wp\/v2\/posts"}],"about":[{"href":"https:\/\/zjarr.tv\/sq\/wp-json\/wp\/v2\/types\/post"}],"author":[{"embeddable":true,"href":"https:\/\/zjarr.tv\/sq\/wp-json\/wp\/v2\/users\/2030"}],"replies":[{"embeddable":true,"href":"https:\/\/zjarr.tv\/sq\/wp-json\/wp\/v2\/comments?post=225323"}],"version-history":[{"count":0,"href":"https:\/\/zjarr.tv\/sq\/wp-json\/wp\/v2\/posts\/225323\/revisions"}],"wp:featuredmedia":[{"embeddable":true,"href":"https:\/\/zjarr.tv\/sq\/wp-json\/wp\/v2\/media\/225324"}],"wp:attachment":[{"href":"https:\/\/zjarr.tv\/sq\/wp-json\/wp\/v2\/media?parent=225323"}],"wp:term":[{"taxonomy":"category","embeddable":true,"href":"https:\/\/zjarr.tv\/sq\/wp-json\/wp\/v2\/categories?post=225323"},{"taxonomy":"post_tag","embeddable":true,"href":"https:\/\/zjarr.tv\/sq\/wp-json\/wp\/v2\/tags?post=225323"}],"curies":[{"name":"wp","href":"https:\/\/api.w.org\/{rel}","templated":true}]}}