{"id":225330,"date":"2021-12-19T11:10:15","date_gmt":"2021-12-19T10:10:15","guid":{"rendered":"https:\/\/zjarr.tv\/?p=225330"},"modified":"2021-12-19T11:10:15","modified_gmt":"2021-12-19T10:10:15","slug":"foto-dhendri-i-berishes-hipen-mbi-makinen-e-bashes-para-selise-se-pd-se-me-dy-gishtat-lart-pret-rezultatet-e-shkarkimit-te-kryedemokratit","status":"publish","type":"post","link":"https:\/\/zjarr.tv\/sq\/foto-dhendri-i-berishes-hipen-mbi-makinen-e-bashes-para-selise-se-pd-se-me-dy-gishtat-lart-pret-rezultatet-e-shkarkimit-te-kryedemokratit\/","title":{"rendered":"FOTO\/ Dh\u00ebndri i Berish\u00ebs hip\u00ebn mbi makin\u00ebn e Bash\u00ebs para selis\u00eb s\u00eb PD-s\u00eb, me dy gishtat lart pret rezultatet e shkarkimit t\u00eb kryedemokratit"},"content":{"rendered":"<p>Mb\u00ebshtetasit e ish-kryeministrit Sali Berisha jan\u00eb mbledhur\u00a0 para selise s\u00eb PD-s\u00eb, duke brohoritur \u201dLulzim Basha ka mbaru\u201d.<\/p>\n<p>Berisha falenderoi an\u00ebtar\u00ebt q\u00eb mor\u00ebn pjes\u00eb n\u00eb votim p\u00ebr shkarkimin e Lulzim Bash\u00ebs, nd\u00ebrsa deputetja Albana Vokshi lexoi rezulatet e votimit p\u00ebr shkarkimin e kryedemokratit.<\/p>\n<p>Ajo q\u00eb bie n\u00eb sy \u00ebsht\u00eb prania e dh\u00ebndrit t\u00eb Berish\u00ebs, Jamarb\u00ebr Malltezi i cili shihet teksa ka hipur mbi makin\u00ebn e Lulzim Bash\u00ebs para selis\u00eb blu dhe ngre dy gishtat lart.<\/p>\n","protected":false},"excerpt":{"rendered":"<p>Mb\u00ebshtetasit e ish-kryeministrit Sali Berisha jan\u00eb mbledhur\u00a0 para selise s\u00eb PD-s\u00eb, duke brohoritur \u201dLulzim Basha ka mbaru\u201d. Berisha falenderoi an\u00ebtar\u00ebt q\u00eb mor\u00ebn pjes\u00eb n\u00eb votim p\u00ebr shkarkimin e Lulzim Bash\u00ebs, nd\u00ebrsa deputetja Albana Vokshi lexoi rezulatet e votimit p\u00ebr shkarkimin e kryedemokratit. Ajo q\u00eb bie n\u00eb sy \u00ebsht\u00eb prania e dh\u00ebndrit t\u00eb Berish\u00ebs, Jamarb\u00ebr Malltezi [&hellip;]<\/p>\n","protected":false},"author":2030,"featured_media":225331,"comment_status":"closed","ping_status":"closed","sticky":false,"template":"","format":"standard","meta":{"footnotes":""},"categories":[241,5380,231,1454],"tags":[],"class_list":{"0":"post-225330","1":"post","2":"type-post","3":"status-publish","4":"format-standard","5":"has-post-thumbnail","7":"category-aktualitet","8":"category-kryesore","9":"category-lajme","10":"category-politike"},"_links":{"self":[{"href":"https:\/\/zjarr.tv\/sq\/wp-json\/wp\/v2\/posts\/225330","targetHints":{"allow":["GET"]}}],"collection":[{"href":"https:\/\/zjarr.tv\/sq\/wp-json\/wp\/v2\/posts"}],"about":[{"href":"https:\/\/zjarr.tv\/sq\/wp-json\/wp\/v2\/types\/post"}],"author":[{"embeddable":true,"href":"https:\/\/zjarr.tv\/sq\/wp-json\/wp\/v2\/users\/2030"}],"replies":[{"embeddable":true,"href":"https:\/\/zjarr.tv\/sq\/wp-json\/wp\/v2\/comments?post=225330"}],"version-history":[{"count":0,"href":"https:\/\/zjarr.tv\/sq\/wp-json\/wp\/v2\/posts\/225330\/revisions"}],"wp:featuredmedia":[{"embeddable":true,"href":"https:\/\/zjarr.tv\/sq\/wp-json\/wp\/v2\/media\/225331"}],"wp:attachment":[{"href":"https:\/\/zjarr.tv\/sq\/wp-json\/wp\/v2\/media?parent=225330"}],"wp:term":[{"taxonomy":"category","embeddable":true,"href":"https:\/\/zjarr.tv\/sq\/wp-json\/wp\/v2\/categories?post=225330"},{"taxonomy":"post_tag","embeddable":true,"href":"https:\/\/zjarr.tv\/sq\/wp-json\/wp\/v2\/tags?post=225330"}],"curies":[{"name":"wp","href":"https:\/\/api.w.org\/{rel}","templated":true}]}}