{"id":225369,"date":"2021-12-19T12:44:47","date_gmt":"2021-12-19T11:44:47","guid":{"rendered":"https:\/\/zjarr.tv\/?p=225369"},"modified":"2021-12-19T12:44:47","modified_gmt":"2021-12-19T11:44:47","slug":"demokrati-i-tregon-vendin-gjekmarkajt-mandatin-perdoreni-si-te-doni-por-mos-flisni-ne-emrin-tone-sna-perfaqesoni-me","status":"publish","type":"post","link":"https:\/\/zjarr.tv\/sq\/demokrati-i-tregon-vendin-gjekmarkajt-mandatin-perdoreni-si-te-doni-por-mos-flisni-ne-emrin-tone-sna-perfaqesoni-me\/","title":{"rendered":"Demokrati i tregon vendin Gjekmarkajt: Mandatin p\u00ebrdoreni si t\u00eb doni, por mos flisni n\u00eb emrin ton\u00eb, s\u2019na p\u00ebrfaq\u00ebsoni m\u00eb&#8230;"},"content":{"rendered":"<p>Demokrati nga Lezha Arben Ndoi i ka derguar nj\u00eb mesazh deputetit Agron Gjekmarkaj pas fjalimit t\u00eb tij n\u00eb kongresin e organizuar nga ish kryetari Basha. \u201cJam i mrekulluar\u201d nga fjalimi juaj i shkruan me ironi an\u00ebtari i PD n\u00eb lezh\u00eb Gjekmarkajt duke i kujtuar se ka marr\u00eb mandatin e deputetit nga demokrat\u00ebt e k\u00ebtij qarku dhe ku asnj\u00eb prej tyre nuk ishte ne at\u00eb sall\u00eb ku ai po fliste.<\/p>\n<p>\u201cMandatin e deputetit p\u00ebrdoreni si t\u00eb doni, por fjalimet mos i mbaj n\u00eb emrin ton\u00eb!\u201d, shkruan Ndoi duke i then\u00eb Gjekmarkajt se, \u201cnuk na p\u00ebrfaq\u00ebsoni m\u00eb!\u201d<\/p>\n<p>Ja postimi i plot\u00eb:<\/p>\n<p>Jam i mrekulluar nga nga fjalimi i deputetit t\u00eb zon\u00ebs ton\u00eb Agron Gjekmarkaj dje n\u00eb Pallatin e Kongreseve. Po e ilustroj me k\u00ebt\u00eb status: T\u00eb gjith\u00eb personat n\u00eb foto ishim pjes\u00eb e shtabit tuaj Agron. Punuam dit\u00eb e nat\u00eb, pa pages\u00eb por me besim.<\/p>\n<p>Edhe pse nuk kishit asnj\u00eb lidhje me zon\u00ebn ton\u00eb, ju pranuam me bindje se ju kandidoi PD. (N\u00eb fakt ju kandidoi Basha). Ju mb\u00ebshtet\u00ebm e ju votuam. N\u00eb nj\u00ebsin\u00eb ton\u00eb &#8211; Daj\u00e7 moret vota m\u00eb tep\u00ebr se t\u00eb gjith\u00eb kandidat\u00ebt e tjer\u00eb t\u00eb PD s\u00eb bashku. Dhe t\u00eb gjith\u00eb k\u00ebto n\u00eb foto, me p\u00ebrjashtimin tuaj, votuam dje n\u00eb REFERENDUM p\u00ebr SHKARKIMIN e Bash\u00ebs nga kryetari i PD.<\/p>\n<p>Po jua deklaroj un\u00eb sot si njeri prej tyre: Mandatin e deputetit p\u00ebrdoreni si t\u00eb doni! Por fjalimet mos i mbaj n\u00eb emrin ton\u00eb! Nuk na p\u00ebrfaq\u00ebsoni m\u00eb! I lutem miqve t\u00eb mi t\u00eb mos b\u00ebjn\u00eb asnj\u00eb koment ofendues, pasi \u00ebsht\u00eb e pa pranueshme dhe do i fshij!<\/p>\n","protected":false},"excerpt":{"rendered":"<p>Demokrati nga Lezha Arben Ndoi i ka derguar nj\u00eb mesazh deputetit Agron Gjekmarkaj pas fjalimit t\u00eb tij n\u00eb kongresin e organizuar nga ish kryetari Basha. \u201cJam i mrekulluar\u201d nga fjalimi juaj i shkruan me ironi an\u00ebtari i PD n\u00eb lezh\u00eb Gjekmarkajt duke i kujtuar se ka marr\u00eb mandatin e deputetit nga demokrat\u00ebt e k\u00ebtij qarku [&hellip;]<\/p>\n","protected":false},"author":2030,"featured_media":225370,"comment_status":"closed","ping_status":"closed","sticky":false,"template":"","format":"standard","meta":{"footnotes":""},"categories":[241,3366,1454],"tags":[],"class_list":{"0":"post-225369","1":"post","2":"type-post","3":"status-publish","4":"format-standard","5":"has-post-thumbnail","7":"category-aktualitet","8":"category-koment","9":"category-politike"},"_links":{"self":[{"href":"https:\/\/zjarr.tv\/sq\/wp-json\/wp\/v2\/posts\/225369","targetHints":{"allow":["GET"]}}],"collection":[{"href":"https:\/\/zjarr.tv\/sq\/wp-json\/wp\/v2\/posts"}],"about":[{"href":"https:\/\/zjarr.tv\/sq\/wp-json\/wp\/v2\/types\/post"}],"author":[{"embeddable":true,"href":"https:\/\/zjarr.tv\/sq\/wp-json\/wp\/v2\/users\/2030"}],"replies":[{"embeddable":true,"href":"https:\/\/zjarr.tv\/sq\/wp-json\/wp\/v2\/comments?post=225369"}],"version-history":[{"count":0,"href":"https:\/\/zjarr.tv\/sq\/wp-json\/wp\/v2\/posts\/225369\/revisions"}],"wp:featuredmedia":[{"embeddable":true,"href":"https:\/\/zjarr.tv\/sq\/wp-json\/wp\/v2\/media\/225370"}],"wp:attachment":[{"href":"https:\/\/zjarr.tv\/sq\/wp-json\/wp\/v2\/media?parent=225369"}],"wp:term":[{"taxonomy":"category","embeddable":true,"href":"https:\/\/zjarr.tv\/sq\/wp-json\/wp\/v2\/categories?post=225369"},{"taxonomy":"post_tag","embeddable":true,"href":"https:\/\/zjarr.tv\/sq\/wp-json\/wp\/v2\/tags?post=225369"}],"curies":[{"name":"wp","href":"https:\/\/api.w.org\/{rel}","templated":true}]}}