{"id":225457,"date":"2021-12-19T20:37:58","date_gmt":"2021-12-19T19:37:58","guid":{"rendered":"https:\/\/zjarr.tv\/?p=225457"},"modified":"2021-12-19T20:37:58","modified_gmt":"2021-12-19T19:37:58","slug":"kush-snjeh-kosoven-nuk-respekton-shqiperine-manjani-i-bashkohet-protestes-se-berishes","status":"publish","type":"post","link":"https:\/\/zjarr.tv\/sq\/kush-snjeh-kosoven-nuk-respekton-shqiperine-manjani-i-bashkohet-protestes-se-berishes\/","title":{"rendered":"\u2018Kush s\u2019njeh Kosov\u00ebn, nuk respekton Shqip\u00ebrin\u00eb\u2019, Manjani i bashkohet protest\u00ebs s\u00eb Berish\u00ebs"},"content":{"rendered":"<p>Presidenti i Serbis\u00eb, Aleksand\u00ebr Vu\u00e7i\u00e7 dhe kryeministri i Maqedonis\u00eb s\u00eb Veriut, Zoran Zaev, do t\u00eb vijn\u00eb nes\u00ebr n\u00eb Tiran\u00eb n\u00eb kuad\u00ebr t\u00eb takimit t\u00eb radh\u00ebs p\u00ebr nism\u00ebn \u201cOpen Balkan\u201d, por do t\u00eb priten me protesta.<\/p>\n<p>Ish-kryeministri Sali Berisha u ka b\u00ebr\u00eb thirrje t\u00eb gjith\u00eb qytetar\u00ebve shqiptar\u00eb q\u00eb nes\u00ebr n\u00eb or\u00ebn 16:00 t\u00eb gjith\u00eb mb\u00ebshtet\u00ebsit e tij t\u00eb mblidhen n\u00eb selin\u00eb e Partis\u00eb Demokratike. M\u00eb pas, si\u00e7 b\u00ebhet me dije dhe n\u00eb posterin e Berish\u00ebs, t\u00eb gjith\u00eb do t\u00eb marshojn\u00eb drejt Kryeministris\u00eb.<\/p>\n<p>Pjes\u00eb e k\u00ebsaj proteste do t\u00eb jet\u00eb dhe ish ministri i Drejt\u00ebsis\u00eb Ylli Manjani. Manjani shkruan se do t\u00eb jet\u00eb n\u00eb protest\u00eb jo p\u00ebr t\u00eb protestuar kund\u00ebr mysafirit, por kund\u00ebr zotit t\u00eb sht\u00ebpis\u00eb.<\/p>\n<p>Sipas Manjanit kuy pozicion politik i qeveris\u00eb son\u00eb \u00ebsht\u00eb i papranuesh\u00ebm, pasi nj\u00eb vend q\u00eb nuk njeh Kosov\u00ebn nuk respekton dot as Shqip\u00ebrin\u00eb.<\/p>\n<p>\u201cNes\u00ebr do jem n\u00eb protest\u00eb jo p\u00ebr t\u00eb protestuar kund\u00ebr mysafir\u00ebve, por kund\u00ebr t\u00eb zotit t\u00eb sht\u00ebpis\u00eb.<\/p>\n<p>Kund\u00ebr t\u00eb zotit t\u00eb sht\u00ebpis\u00eb q\u00eb nuk p\u00ebrfaq\u00ebson dot shumic\u00ebn e shqiptar\u00ebve, ndon\u00ebse n\u00eb zgjedhjet e fundit ishte m\u00eb i votuar se pengu i tij. Ai nuk u votua nga shumica absolute e shqiptar\u00ebve.<\/p>\n<p>I zoti i sht\u00ebpis\u00eb nuk mund t\u00eb shpall\u00eb mikun e tij personal si mik t\u00eb Shqip\u00ebris\u00eb. As t\u00eb Shqiptar\u00ebve. Aq m\u00eb keq kur ulet n\u00eb krah t\u00eb tij dhe p\u00ebrball\u00eb Kosov\u00ebs, shqiptar\u00ebve!<\/p>\n<p>Ky pozicion politik i qeveris\u00eb son\u00eb \u00ebsht\u00eb i papranuesh\u00ebm!<\/p>\n<p>Kush nuk njeh Kosov\u00ebn nuk respekton as Shqip\u00ebrin\u00eb!<\/p>\n<p>Mysafirin ta rehatojn\u00eb si mysafir, por jo si mik t\u00eb Shqip\u00ebris\u00eb e shqiptar\u00ebve, t\u00eb cil\u00ebt ende nuk i njeh si shtet e as i respekton si komb.<\/p>\n<p>Protesta \u00ebsht\u00eb jeta e nj\u00eb kombi dhe zemra e demokracis\u00eb.<\/p>\n<p>Do jem aty si qytetar, patjet\u00ebr!\u201d<\/p>\n","protected":false},"excerpt":{"rendered":"<p>Presidenti i Serbis\u00eb, Aleksand\u00ebr Vu\u00e7i\u00e7 dhe kryeministri i Maqedonis\u00eb s\u00eb Veriut, Zoran Zaev, do t\u00eb vijn\u00eb nes\u00ebr n\u00eb Tiran\u00eb n\u00eb kuad\u00ebr t\u00eb takimit t\u00eb radh\u00ebs p\u00ebr nism\u00ebn \u201cOpen Balkan\u201d, por do t\u00eb priten me protesta. Ish-kryeministri Sali Berisha u ka b\u00ebr\u00eb thirrje t\u00eb gjith\u00eb qytetar\u00ebve shqiptar\u00eb q\u00eb nes\u00ebr n\u00eb or\u00ebn 16:00 t\u00eb gjith\u00eb mb\u00ebshtet\u00ebsit e [&hellip;]<\/p>\n","protected":false},"author":2031,"featured_media":187437,"comment_status":"closed","ping_status":"closed","sticky":false,"template":"","format":"standard","meta":{"footnotes":""},"categories":[231],"tags":[],"class_list":{"0":"post-225457","1":"post","2":"type-post","3":"status-publish","4":"format-standard","5":"has-post-thumbnail","7":"category-lajme"},"_links":{"self":[{"href":"https:\/\/zjarr.tv\/sq\/wp-json\/wp\/v2\/posts\/225457","targetHints":{"allow":["GET"]}}],"collection":[{"href":"https:\/\/zjarr.tv\/sq\/wp-json\/wp\/v2\/posts"}],"about":[{"href":"https:\/\/zjarr.tv\/sq\/wp-json\/wp\/v2\/types\/post"}],"author":[{"embeddable":true,"href":"https:\/\/zjarr.tv\/sq\/wp-json\/wp\/v2\/users\/2031"}],"replies":[{"embeddable":true,"href":"https:\/\/zjarr.tv\/sq\/wp-json\/wp\/v2\/comments?post=225457"}],"version-history":[{"count":0,"href":"https:\/\/zjarr.tv\/sq\/wp-json\/wp\/v2\/posts\/225457\/revisions"}],"wp:featuredmedia":[{"embeddable":true,"href":"https:\/\/zjarr.tv\/sq\/wp-json\/wp\/v2\/media\/187437"}],"wp:attachment":[{"href":"https:\/\/zjarr.tv\/sq\/wp-json\/wp\/v2\/media?parent=225457"}],"wp:term":[{"taxonomy":"category","embeddable":true,"href":"https:\/\/zjarr.tv\/sq\/wp-json\/wp\/v2\/categories?post=225457"},{"taxonomy":"post_tag","embeddable":true,"href":"https:\/\/zjarr.tv\/sq\/wp-json\/wp\/v2\/tags?post=225457"}],"curies":[{"name":"wp","href":"https:\/\/api.w.org\/{rel}","templated":true}]}}