{"id":225461,"date":"2021-12-19T21:06:34","date_gmt":"2021-12-19T20:06:34","guid":{"rendered":"https:\/\/zjarr.tv\/?p=225461"},"modified":"2021-12-19T21:06:34","modified_gmt":"2021-12-19T20:06:34","slug":"per-cfare-do-vije-vucic-per-te-miren-e-shqiperise-apo-kosoves-reagon-keshilltari-i-metes-rama-e-ka-mik-shqiptaret-jo","status":"publish","type":"post","link":"https:\/\/zjarr.tv\/sq\/per-cfare-do-vije-vucic-per-te-miren-e-shqiperise-apo-kosoves-reagon-keshilltari-i-metes-rama-e-ka-mik-shqiptaret-jo\/","title":{"rendered":"P\u00ebr \u00e7far\u00eb do vij\u00eb Vu\u00e7i\u00e7, p\u00ebr t\u00eb mir\u00ebn e Shqip\u00ebris\u00eb apo Kosov\u00ebs?\u201d, reagon k\u00ebshilltari i Met\u00ebs: Rama e ka mik, shqiptar\u00ebt JO"},"content":{"rendered":"<p>K\u00ebshilltari i presidentit Ilir Meta, Bledi Dervishaj, ka reaguar n\u00eb lidhje me vizit\u00ebn e presidentit Aleksand\u00ebr Vu\u00e7i\u00e7 n\u00eb Shqip\u00ebri dit\u00ebn e nes\u00ebrme.<\/p>\n<p>P\u00ebrmes nj\u00eb postimi n\u00eb rrjetet sociale Dervishaj shkruan se vizita e tij n\u00eb Shqip\u00ebri nuk \u00ebsht\u00eb p\u00ebr t\u00eb mir\u00ebn e shqiptar\u00ebve apo t\u00eb Kosov\u00ebs.<\/p>\n<p>Sipas tij arsyen e v\u00ebrtet\u00eb t\u00eb vizit\u00ebs s\u00eb presidentit serb e di vet\u00ebm kryeministri Edi Rama pasi ai e ka mik, nd\u00ebrsa shqiptar\u00ebt jo.<\/p>\n<p>\u201cAleksandar Vu\u010di\u0107 nes\u00ebr dhe pasnes\u00ebr n\u00eb Tiran\u00eb. P\u00ebr \u00e7far\u00eb vjen? P\u00ebr t\u00eb mir\u00ebn e Shqip\u00ebris\u00eb, shqiptar\u00ebve apo t\u00eb Kosov\u00ebs? Kurr\u00ebsesi q\u00eb JO. At\u00ebher\u00eb p\u00ebr \u00e7far\u00eb vjen?!<\/p>\n<p>K\u00ebt\u00eb e di ve\u00e7 ai q\u00eb e ka ftuar. Ai e ka mik, shqiptar\u00ebt JO\u201d, shkruan ai.<\/p>\n<p>Kujtojm\u00eb se presidenti i Serbis\u00eb, Aleksand\u00ebr Vu\u00e7i\u00e7 dhe kryeministri i Maqedonis\u00eb s\u00eb Veriut, Zoran Zaev, do t\u00eb vijn\u00eb nes\u00ebr n\u00eb Tiran\u00eb n\u00eb kuad\u00ebr t\u00eb takimit t\u00eb radh\u00ebs p\u00ebr nism\u00ebn \u201cOpen Balkan\u201d, por do t\u00eb priten me protesta.<\/p>\n<p>Ish-kryeministri Sali Berisha u ka b\u00ebr\u00eb thirrje t\u00eb gjith\u00eb qytetar\u00ebve shqiptar\u00eb q\u00eb nes\u00ebr n\u00eb or\u00ebn 16:00 t\u00eb gjith\u00eb mb\u00ebshtet\u00ebsit e tij t\u00eb mblidhen n\u00eb selin\u00eb e Partis\u00eb Demokratike. M\u00eb pas, si\u00e7 b\u00ebhet me dije dhe n\u00eb posterin e Berish\u00ebs, t\u00eb gjith\u00eb do t\u00eb marshojn\u00eb drejt Kryeministris\u00eb.<\/p>\n","protected":false},"excerpt":{"rendered":"<p>K\u00ebshilltari i presidentit Ilir Meta, Bledi Dervishaj, ka reaguar n\u00eb lidhje me vizit\u00ebn e presidentit Aleksand\u00ebr Vu\u00e7i\u00e7 n\u00eb Shqip\u00ebri dit\u00ebn e nes\u00ebrme. P\u00ebrmes nj\u00eb postimi n\u00eb rrjetet sociale Dervishaj shkruan se vizita e tij n\u00eb Shqip\u00ebri nuk \u00ebsht\u00eb p\u00ebr t\u00eb mir\u00ebn e shqiptar\u00ebve apo t\u00eb Kosov\u00ebs. Sipas tij arsyen e v\u00ebrtet\u00eb t\u00eb vizit\u00ebs s\u00eb presidentit [&hellip;]<\/p>\n","protected":false},"author":2031,"featured_media":225462,"comment_status":"closed","ping_status":"closed","sticky":false,"template":"","format":"standard","meta":{"footnotes":""},"categories":[231],"tags":[],"class_list":{"0":"post-225461","1":"post","2":"type-post","3":"status-publish","4":"format-standard","5":"has-post-thumbnail","7":"category-lajme"},"_links":{"self":[{"href":"https:\/\/zjarr.tv\/sq\/wp-json\/wp\/v2\/posts\/225461","targetHints":{"allow":["GET"]}}],"collection":[{"href":"https:\/\/zjarr.tv\/sq\/wp-json\/wp\/v2\/posts"}],"about":[{"href":"https:\/\/zjarr.tv\/sq\/wp-json\/wp\/v2\/types\/post"}],"author":[{"embeddable":true,"href":"https:\/\/zjarr.tv\/sq\/wp-json\/wp\/v2\/users\/2031"}],"replies":[{"embeddable":true,"href":"https:\/\/zjarr.tv\/sq\/wp-json\/wp\/v2\/comments?post=225461"}],"version-history":[{"count":0,"href":"https:\/\/zjarr.tv\/sq\/wp-json\/wp\/v2\/posts\/225461\/revisions"}],"wp:featuredmedia":[{"embeddable":true,"href":"https:\/\/zjarr.tv\/sq\/wp-json\/wp\/v2\/media\/225462"}],"wp:attachment":[{"href":"https:\/\/zjarr.tv\/sq\/wp-json\/wp\/v2\/media?parent=225461"}],"wp:term":[{"taxonomy":"category","embeddable":true,"href":"https:\/\/zjarr.tv\/sq\/wp-json\/wp\/v2\/categories?post=225461"},{"taxonomy":"post_tag","embeddable":true,"href":"https:\/\/zjarr.tv\/sq\/wp-json\/wp\/v2\/tags?post=225461"}],"curies":[{"name":"wp","href":"https:\/\/api.w.org\/{rel}","templated":true}]}}