{"id":225465,"date":"2021-12-19T21:34:54","date_gmt":"2021-12-19T20:34:54","guid":{"rendered":"https:\/\/zjarr.tv\/?p=225465"},"modified":"2021-12-19T21:34:54","modified_gmt":"2021-12-19T20:34:54","slug":"pacolli-leter-kurtit-me-takoje-kur-te-duhej-vota-ime-tani-as-mesazheve-nuk-u-pergjigjeni","status":"publish","type":"post","link":"https:\/\/zjarr.tv\/sq\/pacolli-leter-kurtit-me-takoje-kur-te-duhej-vota-ime-tani-as-mesazheve-nuk-u-pergjigjeni\/","title":{"rendered":"Pacolli let\u00ebr Kurtit: M\u00eb takoje kur t\u00eb duhej vota ime, tani as mesazheve nuk u p\u00ebrgjigjeni"},"content":{"rendered":"<p>Kryetari i AKR-s\u00eb, Behgjet Pacolli, ka b\u00ebr\u00eb t\u00eb ditur se nj\u00eb shtet t\u00eb cilit nuk ia ka p\u00ebrmendur emrin, e ka njohur Pavar\u00ebsin\u00eb e Kosov\u00ebs.<\/p>\n<p>P\u00ebrmes nj\u00eb letre i \u00ebsht\u00eb drejtuar kryeministrit Albin Kurti, duke th\u00ebn\u00eb se presidenti i shtetit n\u00eb fjal\u00eb kan\u00eb shprehur gatishm\u00ebrin\u00eb p\u00ebr ta vizituar Kosov\u00ebn, n\u00eb m\u00ebnyr\u00eb q\u00eb t\u00eb fromalizohet njohja.<\/p>\n<p>Ai ka hedhur akuza ndaj Kurtit, p\u00ebr neglizhim pasi thot\u00eb se i ka d\u00ebrguar n\u00eb Whatsapp letr\u00ebn e presidentit dhe konfirmimin e tij ndaj Kosov\u00ebs.<\/p>\n<p>Tuje ka p\u00ebrmendur vot\u00ebn e tij p\u00ebr zgjedhjen e Presidentit, dhe mosp\u00ebrgjigjen e Kutit ndaj mesazheve edhe si\u00e7 thot\u00eb Pacolli, lirimin e instrumenteve mjek\u00ebsore p\u00ebr spitalin e pediatris\u00eb q\u00eb ishin bllokuar n\u00eb terminalet doganore.<\/p>\n<p>\u201cGjith\u00e7ka \u00ebsht\u00eb e rregulluar, zot\u00ebri Kryeminist\u00ebr, un\u00eb kam punuar gjat\u00eb p\u00ebr k\u00ebt\u00eb njohje dhe pritet vet\u00ebm miratimi juaj. Un\u00eb, si gjithmon\u00eb jam n\u00eb dispozicion p\u00ebr gjith\u00e7ka q\u00eb keni nevoj\u00eb rreth k\u00ebsaj njohje\u201d, shkroi Pacolli.<\/p>\n","protected":false},"excerpt":{"rendered":"<p>Kryetari i AKR-s\u00eb, Behgjet Pacolli, ka b\u00ebr\u00eb t\u00eb ditur se nj\u00eb shtet t\u00eb cilit nuk ia ka p\u00ebrmendur emrin, e ka njohur Pavar\u00ebsin\u00eb e Kosov\u00ebs. P\u00ebrmes nj\u00eb letre i \u00ebsht\u00eb drejtuar kryeministrit Albin Kurti, duke th\u00ebn\u00eb se presidenti i shtetit n\u00eb fjal\u00eb kan\u00eb shprehur gatishm\u00ebrin\u00eb p\u00ebr ta vizituar Kosov\u00ebn, n\u00eb m\u00ebnyr\u00eb q\u00eb t\u00eb fromalizohet njohja. [&hellip;]<\/p>\n","protected":false},"author":2031,"featured_media":225466,"comment_status":"closed","ping_status":"closed","sticky":false,"template":"","format":"standard","meta":{"footnotes":""},"categories":[231],"tags":[],"class_list":{"0":"post-225465","1":"post","2":"type-post","3":"status-publish","4":"format-standard","5":"has-post-thumbnail","7":"category-lajme"},"_links":{"self":[{"href":"https:\/\/zjarr.tv\/sq\/wp-json\/wp\/v2\/posts\/225465","targetHints":{"allow":["GET"]}}],"collection":[{"href":"https:\/\/zjarr.tv\/sq\/wp-json\/wp\/v2\/posts"}],"about":[{"href":"https:\/\/zjarr.tv\/sq\/wp-json\/wp\/v2\/types\/post"}],"author":[{"embeddable":true,"href":"https:\/\/zjarr.tv\/sq\/wp-json\/wp\/v2\/users\/2031"}],"replies":[{"embeddable":true,"href":"https:\/\/zjarr.tv\/sq\/wp-json\/wp\/v2\/comments?post=225465"}],"version-history":[{"count":0,"href":"https:\/\/zjarr.tv\/sq\/wp-json\/wp\/v2\/posts\/225465\/revisions"}],"wp:featuredmedia":[{"embeddable":true,"href":"https:\/\/zjarr.tv\/sq\/wp-json\/wp\/v2\/media\/225466"}],"wp:attachment":[{"href":"https:\/\/zjarr.tv\/sq\/wp-json\/wp\/v2\/media?parent=225465"}],"wp:term":[{"taxonomy":"category","embeddable":true,"href":"https:\/\/zjarr.tv\/sq\/wp-json\/wp\/v2\/categories?post=225465"},{"taxonomy":"post_tag","embeddable":true,"href":"https:\/\/zjarr.tv\/sq\/wp-json\/wp\/v2\/tags?post=225465"}],"curies":[{"name":"wp","href":"https:\/\/api.w.org\/{rel}","templated":true}]}}