{"id":225807,"date":"2021-12-21T09:55:38","date_gmt":"2021-12-21T08:55:38","guid":{"rendered":"https:\/\/zjarr.tv\/?p=225807"},"modified":"2021-12-21T09:55:38","modified_gmt":"2021-12-21T08:55:38","slug":"kryeministrja-serbe-per-protestat-ne-tirane-disa-politikane-kane-frike-nga-ballkani-i-hapur","status":"publish","type":"post","link":"https:\/\/zjarr.tv\/sq\/kryeministrja-serbe-per-protestat-ne-tirane-disa-politikane-kane-frike-nga-ballkani-i-hapur\/","title":{"rendered":"Kryeministrja serbe p\u00ebr protestat n\u00eb Tiran\u00eb: Disa politikan\u00eb kan\u00eb frik\u00eb nga \u201cBallkani i Hapur\u201d"},"content":{"rendered":"<p>Kryeministrja serbe, Ana Brnabi\u00e7 ka folur n\u00eb lidhje me protest\u00ebn q\u00eb u mbajt mbr\u00ebmjen e djeshme n\u00eb Tiran\u00eb, kund\u00ebr ardhjes s\u00eb presidentit, Aleksand\u00ebr Vu\u00e7i\u00e7.<\/p>\n<p>Ajo \u00ebsht\u00eb shprehur se ka folur me Vu\u00e7i\u00e7 dhe se gjith\u00e7ka \u00ebsht\u00eb n\u00eb rregull, teksa tha se ai \u00ebsht\u00eb nj\u00eb vizionar dhe ka par\u00eb nj\u00eb t\u00eb ardhme tjet\u00ebr p\u00ebr t\u00eb pasur nj\u00eb l\u00ebvizje t\u00eb lir\u00eb.<\/p>\n<p>\u201cKam folur me presidentin dhe m\u00eb konfirmoi se gjith\u00e7ka ishte n\u00eb rregull. Ai ka gjith\u00eb mb\u00ebshtetjen nga Beogradi.<\/p>\n<p>Si kudo n\u00eb rajon edhe n\u00eb Tiran\u00eb disa njer\u00ebz nuk mund t\u00eb imagjinojn\u00eb nj\u00eb t\u00eb ardhme ndryshe. Aleksand\u00ebr Vu\u00e7i\u00e7 \u00ebsht\u00eb vizionar dhe ka par\u00eb nj\u00eb t\u00eb ardhme tjet\u00ebr p\u00ebr t\u00eb pasur nj\u00eb l\u00ebvizje t\u00eb lir\u00eb. <\/p>\n<p>Disa politikan\u00eb kan\u00eb frik\u00eb se Ballkani i Hapur do t\u00eb tregoj\u00eb dob\u00ebsit\u00eb e tyre\u201d, ka th\u00ebn\u00eb m\u00eb tej Brnabi\u00e7.<\/p>\n","protected":false},"excerpt":{"rendered":"<p>Kryeministrja serbe, Ana Brnabi\u00e7 ka folur n\u00eb lidhje me protest\u00ebn q\u00eb u mbajt mbr\u00ebmjen e djeshme n\u00eb Tiran\u00eb, kund\u00ebr ardhjes s\u00eb presidentit, Aleksand\u00ebr Vu\u00e7i\u00e7. Ajo \u00ebsht\u00eb shprehur se ka folur me Vu\u00e7i\u00e7 dhe se gjith\u00e7ka \u00ebsht\u00eb n\u00eb rregull, teksa tha se ai \u00ebsht\u00eb nj\u00eb vizionar dhe ka par\u00eb nj\u00eb t\u00eb ardhme tjet\u00ebr p\u00ebr t\u00eb pasur [&hellip;]<\/p>\n","protected":false},"author":2031,"featured_media":225808,"comment_status":"closed","ping_status":"closed","sticky":false,"template":"","format":"standard","meta":{"footnotes":""},"categories":[231],"tags":[],"class_list":{"0":"post-225807","1":"post","2":"type-post","3":"status-publish","4":"format-standard","5":"has-post-thumbnail","7":"category-lajme"},"_links":{"self":[{"href":"https:\/\/zjarr.tv\/sq\/wp-json\/wp\/v2\/posts\/225807","targetHints":{"allow":["GET"]}}],"collection":[{"href":"https:\/\/zjarr.tv\/sq\/wp-json\/wp\/v2\/posts"}],"about":[{"href":"https:\/\/zjarr.tv\/sq\/wp-json\/wp\/v2\/types\/post"}],"author":[{"embeddable":true,"href":"https:\/\/zjarr.tv\/sq\/wp-json\/wp\/v2\/users\/2031"}],"replies":[{"embeddable":true,"href":"https:\/\/zjarr.tv\/sq\/wp-json\/wp\/v2\/comments?post=225807"}],"version-history":[{"count":0,"href":"https:\/\/zjarr.tv\/sq\/wp-json\/wp\/v2\/posts\/225807\/revisions"}],"wp:featuredmedia":[{"embeddable":true,"href":"https:\/\/zjarr.tv\/sq\/wp-json\/wp\/v2\/media\/225808"}],"wp:attachment":[{"href":"https:\/\/zjarr.tv\/sq\/wp-json\/wp\/v2\/media?parent=225807"}],"wp:term":[{"taxonomy":"category","embeddable":true,"href":"https:\/\/zjarr.tv\/sq\/wp-json\/wp\/v2\/categories?post=225807"},{"taxonomy":"post_tag","embeddable":true,"href":"https:\/\/zjarr.tv\/sq\/wp-json\/wp\/v2\/tags?post=225807"}],"curies":[{"name":"wp","href":"https:\/\/api.w.org\/{rel}","templated":true}]}}