{"id":225826,"date":"2021-12-21T11:22:54","date_gmt":"2021-12-21T10:22:54","guid":{"rendered":"https:\/\/zjarr.tv\/?p=225826"},"modified":"2021-12-21T11:22:54","modified_gmt":"2021-12-21T10:22:54","slug":"tirana-zyrtare-ua-shperlane-mekatet-krimineleve-serb-dhe-e-defaktorizon-shqiptarine","status":"publish","type":"post","link":"https:\/\/zjarr.tv\/sq\/tirana-zyrtare-ua-shperlane-mekatet-krimineleve-serb-dhe-e-defaktorizon-shqiptarine\/","title":{"rendered":"Tirana zyrtare ua shp\u00ebrlan\u00eb m\u00ebkatet kriminel\u00ebve serb dhe e defaktorizon shqiptarin\u00eb!"},"content":{"rendered":"<p>Nga Kim Mehmeti<\/p>\n<p>Mos vall\u00eb ne shqiptar\u00ebt jemi b\u00ebr\u00eb aq t\u00eb pandjesh\u00ebm ndaj vetvetes, sa m\u00eb shum\u00eb e besojm\u00eb dhe e \u00e7mojm\u00eb kriminelin e huaj, se sa cilindo burr\u00ebshtetas shqiptar\u00eb, qoft\u00eb nga Tirana apo nga Kosova?!<\/p>\n<p>\u00cbsht\u00eb e mundur vall\u00eb q\u00eb ne shqiptar\u00ebt t\u00eb jemi aq t\u00eb padrejt\u00eb ndaj vetvetes, sa t\u00eb ndjehemi m\u00eb mir\u00eb e t\u00eb pajtohemi m\u00eb leht\u00eb me at\u00eb q\u00eb ka aprovuar projekte p\u00ebr shfarosjen e shqiptar\u00ebve, se sa me kund\u00ebrshtarin tan\u00eb politik nga Tirana apo nga Prishtin\u00eb?!<\/p>\n<p>Ka mund\u00ebsi vall\u00eb q\u00eb edhe sot, nj\u00ebsoj si gjat\u00eb shekujve, fati politik i burr\u00ebshtetasve t\u00eb Shqip\u00ebris\u00eb, m\u00eb shum\u00eb t\u00eb varet nga poltronizmi i tyre ndaj Beogradit, se sa nga p\u00ebrkushtimi i tyre ndaj shqiptaris\u00eb?!<\/p>\n<p>Dhe sikur mos e kisha p\u00ebrjetuar, kurr\u00eb nuk do e besoja se pas aq orvatjeve, sot, kur duhej t\u00eb ishim m\u00eb t\u00eb konsoliduar, Beogradi ia doli ta realizoj\u00eb projektin e vet m\u00eb t\u00eb r\u00ebnd\u00ebsish\u00ebm shekullor: q\u00eb n\u00ebp\u00ebrmjet projektit ruso-serb p\u00ebr \u2018Ballkanin e hapur\u2019, pra q\u00eb me p\u00ebrkrahjen e Tiran\u00ebs zyrtare, t\u2019i shp\u00ebrlaj\u00eb nga m\u00ebkatet kriminel\u00ebt serb dhe t\u2019i defaktorizoj\u00eb shqiptar\u00ebt q\u00eb jetojn\u00eb jasht\u00eb kufijve t\u00eb Shqip\u00ebris\u00eb?!<\/p>\n<p>Deri m\u00eb sot besoja se Piktori \u00ebsht\u00eb nj\u00eb nd\u00ebr \u2018kopilat\u2019 e pakt\u00eb politik, si\u00e7 i ka \u00e7do popull, por gjithnj\u00eb e m\u00eb shum\u00eb bindem se dashuria e tij ndaj Beogradit shpreh\u00eb nj\u00eb degradim m\u00eb t\u00eb thell\u00eb politik\u00eb se\u00e7 \u00ebsht\u00eb ai i nj\u00eb kaste politike, se \u2018dashuria\u2019 e tij ndaj Beogradit e \u2018urrejtja\u2019 ndaj Prishtin\u00ebs, buron nga bindja se ajo jo vet\u00ebm q\u00eb nuk t\u00eb nd\u00ebshkon, por t\u00eb sjell\u00eb p\u00ebrfitime politike?!<\/p>\n<p>Dhe q\u00eb t\u00eb mos e d\u00ebgjoni nga t\u00eb tjer\u00ebt, ja po ua them un\u00eb: gjitha k\u00ebto q\u00eb u than\u00eb m\u00eb lart\u00eb, i shkruan nj\u00eb ish \u201cpionier i Titos\u201d , i cili jo vet\u00ebm q\u00eb ka jetuar n\u00eb Beograd, por t\u00eb cilit personalisht nuk i ka ardhur asnj\u00eb e keqe nga cilido serb\u00eb, p\u00ebr dallim nga shum\u00eb t\u00eb k\u00ebqijat q\u00eb i kan\u00eb ardhur nga qarqet politike shqiptare.<\/p>\n<p>Madje, ky q\u00eb i shkruan k\u00ebto rreshta, beson se ka di\u00e7ka q\u00eb e ka m\u00ebsuar qysh n\u00eb vitet e rinis\u00eb, edhe at\u00eb n\u00eb \u2018shkoll\u00ebn beogradase\u2019, n\u00eb \u2018m\u00ebsimoren\u2019\u2019 e kryeqendr\u00ebs s\u00eb nj\u00eb shteti kishtar, si\u00e7 \u00ebsht\u00eb Serbia: se interesat kolektive maten me kandarin komb\u00ebtar, e jo me at\u00eb t\u00eb interesit personal!<\/p>\n<p>Si do qoft\u00eb, edhe sot, kur Tirana zyrtare, p\u00ebr shum\u00eb \u00e7ka \u00ebsht\u00eb b\u00ebr\u00eb djep i turpit ton\u00eb komb\u00ebtar\u00eb, ne duhet edhe m\u00eb shum\u00eb ta respektojm\u00eb e duam m\u00ebm\u00ebdheun, si\u00e7 duhet t\u00eb jemi at\u00eb q\u00eb Piktori e konsideron si primitiviz\u00ebm \u2013 Patriot\u00eb sa m\u00eb t\u00eb m\u00ebdhenj, Patriot\u00eb t\u00eb cil\u00ebt mburren me at\u00eb q\u00eb jan\u00eb dhe at\u00eb q\u00eb kan\u00eb, por duke mos i p\u00ebrbuzur t\u00eb tjer\u00ebt!<\/p>\n","protected":false},"excerpt":{"rendered":"<p>Nga Kim Mehmeti Mos vall\u00eb ne shqiptar\u00ebt jemi b\u00ebr\u00eb aq t\u00eb pandjesh\u00ebm ndaj vetvetes, sa m\u00eb shum\u00eb e besojm\u00eb dhe e \u00e7mojm\u00eb kriminelin e huaj, se sa cilindo burr\u00ebshtetas shqiptar\u00eb, qoft\u00eb nga Tirana apo nga Kosova?! \u00cbsht\u00eb e mundur vall\u00eb q\u00eb ne shqiptar\u00ebt t\u00eb jemi aq t\u00eb padrejt\u00eb ndaj vetvetes, sa t\u00eb ndjehemi m\u00eb mir\u00eb [&hellip;]<\/p>\n","protected":false},"author":2030,"featured_media":225827,"comment_status":"closed","ping_status":"closed","sticky":false,"template":"","format":"standard","meta":{"footnotes":""},"categories":[241,3366,1454],"tags":[],"class_list":{"0":"post-225826","1":"post","2":"type-post","3":"status-publish","4":"format-standard","5":"has-post-thumbnail","7":"category-aktualitet","8":"category-koment","9":"category-politike"},"_links":{"self":[{"href":"https:\/\/zjarr.tv\/sq\/wp-json\/wp\/v2\/posts\/225826","targetHints":{"allow":["GET"]}}],"collection":[{"href":"https:\/\/zjarr.tv\/sq\/wp-json\/wp\/v2\/posts"}],"about":[{"href":"https:\/\/zjarr.tv\/sq\/wp-json\/wp\/v2\/types\/post"}],"author":[{"embeddable":true,"href":"https:\/\/zjarr.tv\/sq\/wp-json\/wp\/v2\/users\/2030"}],"replies":[{"embeddable":true,"href":"https:\/\/zjarr.tv\/sq\/wp-json\/wp\/v2\/comments?post=225826"}],"version-history":[{"count":0,"href":"https:\/\/zjarr.tv\/sq\/wp-json\/wp\/v2\/posts\/225826\/revisions"}],"wp:featuredmedia":[{"embeddable":true,"href":"https:\/\/zjarr.tv\/sq\/wp-json\/wp\/v2\/media\/225827"}],"wp:attachment":[{"href":"https:\/\/zjarr.tv\/sq\/wp-json\/wp\/v2\/media?parent=225826"}],"wp:term":[{"taxonomy":"category","embeddable":true,"href":"https:\/\/zjarr.tv\/sq\/wp-json\/wp\/v2\/categories?post=225826"},{"taxonomy":"post_tag","embeddable":true,"href":"https:\/\/zjarr.tv\/sq\/wp-json\/wp\/v2\/tags?post=225826"}],"curies":[{"name":"wp","href":"https:\/\/api.w.org\/{rel}","templated":true}]}}