{"id":225830,"date":"2021-12-21T11:34:50","date_gmt":"2021-12-21T10:34:50","guid":{"rendered":"https:\/\/zjarr.tv\/?p=225830"},"modified":"2021-12-21T11:34:50","modified_gmt":"2021-12-21T10:34:50","slug":"vucic-flet-per-ballkanin-e-hapur-eshte-me-e-madhe-se-une-rama-dhe-zaev-do-krijoje-themelet-per-te-ardhmen-e-femijeve-tane","status":"publish","type":"post","link":"https:\/\/zjarr.tv\/sq\/vucic-flet-per-ballkanin-e-hapur-eshte-me-e-madhe-se-une-rama-dhe-zaev-do-krijoje-themelet-per-te-ardhmen-e-femijeve-tane\/","title":{"rendered":"Vu\u00e7i\u00e7 flet p\u00ebr \u201cBallkanin e Hapur\u201d: \u00cbsht\u00eb m\u00eb e madhe se un\u00eb, Rama dhe Zaev! Do krijoj\u00eb themelet p\u00ebr t\u00eb ardhmen e f\u00ebmij\u00ebve tan\u00eb"},"content":{"rendered":"<p>Presidenti i Serbis\u00eb Aleksand\u00ebr Vu\u00e7i\u00e7, ka th\u00ebn\u00eb se iniciativa e \u201cBallkanit t\u00eb Hapur\u201d \u00ebsht\u00eb m\u00eb e madhe se ai, Rama dhe kryeministri Zaev. Sipas tij, kjo nism\u00eb e r\u00ebnd\u00ebsishme synon t\u00eb krijoj\u00eb themelet p\u00ebr t\u00eb ardhmen e f\u00ebmij\u00ebve n\u00eb t\u00eb gjith\u00eb Ballkanin.<\/p>\n<p>\u201cKjo inciativ\u00eb \u00ebsht\u00eb m\u00eb e madhe se ne t\u00eb tre. Do t\u00eb krijoj\u00eb themelet p\u00ebr t\u00eb ardhmen e f\u00ebmij\u00ebve tan\u00eb. Objektivi m\u00eb i r\u00ebnd\u00ebsish\u00ebm \u00ebsht\u00eb t\u00eb lidhim njer\u00ebzit me nj\u00ebri-tjetrin. Ata njer\u00ebz q\u00eb n\u00eb t\u00eb shkuar\u00ebn kan\u00eb menduar m\u00eb shum\u00eb p\u00ebr t\u00eb shkuar\u00ebn, sesa p\u00ebr t\u00eb tashmen dhe t\u00eb ardhmen\u201d, u shpreh ai.<\/p>\n<p>Nga \u201cPallati i Brigadave\u201d n\u00eb Tiran\u00eb, presidenti serb tha se nuk kan\u00eb pse u k\u00ebrkojn\u00eb ndjes\u00eb vendeve q\u00eb nuk jan\u00eb ende pjes\u00eb e k\u00ebsaj iniciative.<\/p>\n<p>\u201cM\u00eb ka ardhur pak n\u00eb maj\u00eb t\u00eb hund\u00ebs se na duhet t\u00eb japim jutifikime ngahera p\u00ebr hi\u00e7gj\u00eb. A thua se kemi b\u00ebr\u00eb nj\u00eb gj\u00eb t\u00eb gabuar p\u00ebr ata q\u00eb nuk jan\u00eb pjes\u00eb e k\u00ebsaj inciative. N\u00ebse ata duan t\u00eb vijn\u00eb, jan\u00eb t\u00eb mir\u00ebpritur. Nuk kemi pse k\u00ebrkojm\u00eb m\u00eb ndjes\u00eb\u201d, tha Vu\u00e7i\u00e7.<\/p>\n","protected":false},"excerpt":{"rendered":"<p>Presidenti i Serbis\u00eb Aleksand\u00ebr Vu\u00e7i\u00e7, ka th\u00ebn\u00eb se iniciativa e \u201cBallkanit t\u00eb Hapur\u201d \u00ebsht\u00eb m\u00eb e madhe se ai, Rama dhe kryeministri Zaev. Sipas tij, kjo nism\u00eb e r\u00ebnd\u00ebsishme synon t\u00eb krijoj\u00eb themelet p\u00ebr t\u00eb ardhmen e f\u00ebmij\u00ebve n\u00eb t\u00eb gjith\u00eb Ballkanin. \u201cKjo inciativ\u00eb \u00ebsht\u00eb m\u00eb e madhe se ne t\u00eb tre. Do t\u00eb krijoj\u00eb [&hellip;]<\/p>\n","protected":false},"author":2030,"featured_media":225831,"comment_status":"closed","ping_status":"closed","sticky":false,"template":"","format":"standard","meta":{"footnotes":""},"categories":[241,3366,1454],"tags":[],"class_list":{"0":"post-225830","1":"post","2":"type-post","3":"status-publish","4":"format-standard","5":"has-post-thumbnail","7":"category-aktualitet","8":"category-koment","9":"category-politike"},"_links":{"self":[{"href":"https:\/\/zjarr.tv\/sq\/wp-json\/wp\/v2\/posts\/225830","targetHints":{"allow":["GET"]}}],"collection":[{"href":"https:\/\/zjarr.tv\/sq\/wp-json\/wp\/v2\/posts"}],"about":[{"href":"https:\/\/zjarr.tv\/sq\/wp-json\/wp\/v2\/types\/post"}],"author":[{"embeddable":true,"href":"https:\/\/zjarr.tv\/sq\/wp-json\/wp\/v2\/users\/2030"}],"replies":[{"embeddable":true,"href":"https:\/\/zjarr.tv\/sq\/wp-json\/wp\/v2\/comments?post=225830"}],"version-history":[{"count":0,"href":"https:\/\/zjarr.tv\/sq\/wp-json\/wp\/v2\/posts\/225830\/revisions"}],"wp:featuredmedia":[{"embeddable":true,"href":"https:\/\/zjarr.tv\/sq\/wp-json\/wp\/v2\/media\/225831"}],"wp:attachment":[{"href":"https:\/\/zjarr.tv\/sq\/wp-json\/wp\/v2\/media?parent=225830"}],"wp:term":[{"taxonomy":"category","embeddable":true,"href":"https:\/\/zjarr.tv\/sq\/wp-json\/wp\/v2\/categories?post=225830"},{"taxonomy":"post_tag","embeddable":true,"href":"https:\/\/zjarr.tv\/sq\/wp-json\/wp\/v2\/tags?post=225830"}],"curies":[{"name":"wp","href":"https:\/\/api.w.org\/{rel}","templated":true}]}}