{"id":225834,"date":"2021-12-21T11:37:02","date_gmt":"2021-12-21T10:37:02","guid":{"rendered":"https:\/\/zjarr.tv\/?p=225834"},"modified":"2021-12-21T11:37:02","modified_gmt":"2021-12-21T10:37:02","slug":"dita-e-dyte-e-open-balkan-kryeministri-edi-rama-pret-vucic-dhe-zaev-ne-pallatin-e-brigadave","status":"publish","type":"post","link":"https:\/\/zjarr.tv\/sq\/dita-e-dyte-e-open-balkan-kryeministri-edi-rama-pret-vucic-dhe-zaev-ne-pallatin-e-brigadave\/","title":{"rendered":"Dita e dyt\u00eb e \u201cOpen Balkan\u201d, kryeministri Edi Rama pret Vu\u00e7i\u00e7 dhe Zaev n\u00eb \u201cPallatin e Brigadave\u201d"},"content":{"rendered":"<p>Kryeministri Edi Rama ka pritur n\u00eb \u201cPallatin e Brigadave\u201d, presidentin e Serbis\u00eb Aleksand\u00ebr Vu\u00e7i\u00e7 dhe kryeministrin e Maqedonis\u00eb s\u00eb Veriut, Zoan Zaev.<\/p>\n<p>Takimi zhvillohet n\u00eb kuad\u00ebr t\u00eb \u201cBallkanit t\u00eb Hapur\u201d, nd\u00ebrsa pritet q\u00eb t\u00eb n\u00ebnshkruhen edhe 5 marr\u00ebveshje n\u00eb kuad\u00ebr t\u00eb k\u00ebsaj nisme. Pritet q\u00eb n\u00eb or\u00ebn 13:00 t\u00eb mbahet edhe nj\u00eb koferenc\u00eb e gjat\u00eb p\u00ebr media. Marr\u00ebveshjet q\u00eb priten t\u00eb n\u00ebnshkruhen:<\/p>\n<p>Marr\u00ebveshja p\u00ebr kushtet p\u00ebr akses t\u00eb lir\u00eb n\u00eb tregun e pun\u00ebs n\u00eb Ballkanin Per\u00ebndimor.<\/p>\n<p>Marr\u00ebveshja p\u00ebr nd\u00ebrlidhjen e skemave t\u00eb identifikimit elektronik t\u00eb qytetar\u00ebve t\u00eb Ballkanit Per\u00ebndimor.<\/p>\n<p>Marr\u00ebveshja nd\u00ebrmjet K\u00ebshillit t\u00eb Ministrave t\u00eb Republik\u00ebs s\u00eb Shqip\u00ebris\u00eb dhe Qeveris\u00eb s\u00eb Republik\u00ebs s\u00eb Serbis\u00eb dhe Qeveris\u00eb s\u00eb Republik\u00ebs s\u00eb Maqedonis\u00eb s\u00eb Veriut p\u00ebr bashk\u00ebpunim n\u00eb fush\u00ebn e veterinaris\u00eb, siguris\u00eb ushqimore dhe ushqimore p\u00ebr kafsh\u00eb dhe fitosanitare n\u00eb Ballkanin Per\u00ebndimor.<\/p>\n<p>Marr\u00ebveshja nd\u00ebrmjet Qeveris\u00eb s\u00eb Republik\u00ebs s\u00eb Serbis\u00eb dhe K\u00ebshillit t\u00eb Ministrave t\u00eb Republik\u00ebs s\u00eb Shqip\u00ebris\u00eb p\u00ebr njohjen reciproke t\u00eb autorizimeve t\u00eb operatorit ekonomik t\u00eb autorizuar \u2013 siguri dhe siguri (AEOS).<\/p>\n<p>Marr\u00ebveshja nd\u00ebrmjet Qeveris\u00eb s\u00eb Republik\u00ebs s\u00eb Maqedonis\u00eb s\u00eb Veriut dhe K\u00ebshillit t\u00eb Ministrave t\u00eb Republik\u00ebs s\u00eb Shqip\u00ebris\u00eb p\u00ebr njohjen reciproke t\u00eb autorizimeve t\u00eb operatorit ekonomik t\u00eb autorizuar \u2013 siguri dhe siguri (AEOS).<\/p>\n","protected":false},"excerpt":{"rendered":"<p>Kryeministri Edi Rama ka pritur n\u00eb \u201cPallatin e Brigadave\u201d, presidentin e Serbis\u00eb Aleksand\u00ebr Vu\u00e7i\u00e7 dhe kryeministrin e Maqedonis\u00eb s\u00eb Veriut, Zoan Zaev. Takimi zhvillohet n\u00eb kuad\u00ebr t\u00eb \u201cBallkanit t\u00eb Hapur\u201d, nd\u00ebrsa pritet q\u00eb t\u00eb n\u00ebnshkruhen edhe 5 marr\u00ebveshje n\u00eb kuad\u00ebr t\u00eb k\u00ebsaj nisme. Pritet q\u00eb n\u00eb or\u00ebn 13:00 t\u00eb mbahet edhe nj\u00eb koferenc\u00eb e gjat\u00eb [&hellip;]<\/p>\n","protected":false},"author":2030,"featured_media":225836,"comment_status":"closed","ping_status":"closed","sticky":false,"template":"","format":"standard","meta":{"footnotes":""},"categories":[241,5380],"tags":[],"class_list":{"0":"post-225834","1":"post","2":"type-post","3":"status-publish","4":"format-standard","5":"has-post-thumbnail","7":"category-aktualitet","8":"category-kryesore"},"_links":{"self":[{"href":"https:\/\/zjarr.tv\/sq\/wp-json\/wp\/v2\/posts\/225834","targetHints":{"allow":["GET"]}}],"collection":[{"href":"https:\/\/zjarr.tv\/sq\/wp-json\/wp\/v2\/posts"}],"about":[{"href":"https:\/\/zjarr.tv\/sq\/wp-json\/wp\/v2\/types\/post"}],"author":[{"embeddable":true,"href":"https:\/\/zjarr.tv\/sq\/wp-json\/wp\/v2\/users\/2030"}],"replies":[{"embeddable":true,"href":"https:\/\/zjarr.tv\/sq\/wp-json\/wp\/v2\/comments?post=225834"}],"version-history":[{"count":0,"href":"https:\/\/zjarr.tv\/sq\/wp-json\/wp\/v2\/posts\/225834\/revisions"}],"wp:featuredmedia":[{"embeddable":true,"href":"https:\/\/zjarr.tv\/sq\/wp-json\/wp\/v2\/media\/225836"}],"wp:attachment":[{"href":"https:\/\/zjarr.tv\/sq\/wp-json\/wp\/v2\/media?parent=225834"}],"wp:term":[{"taxonomy":"category","embeddable":true,"href":"https:\/\/zjarr.tv\/sq\/wp-json\/wp\/v2\/categories?post=225834"},{"taxonomy":"post_tag","embeddable":true,"href":"https:\/\/zjarr.tv\/sq\/wp-json\/wp\/v2\/tags?post=225834"}],"curies":[{"name":"wp","href":"https:\/\/api.w.org\/{rel}","templated":true}]}}