{"id":225851,"date":"2021-12-21T12:06:30","date_gmt":"2021-12-21T11:06:30","guid":{"rendered":"https:\/\/zjarr.tv\/?p=225851"},"modified":"2021-12-21T12:06:30","modified_gmt":"2021-12-21T11:06:30","slug":"basha-apo-berisha-kush-e-fiton-betejen-milaim-zeka-ben-deklaraten-e-forte-tregon-kush-e-futi-kryedemokratin-ne-pd","status":"publish","type":"post","link":"https:\/\/zjarr.tv\/sq\/basha-apo-berisha-kush-e-fiton-betejen-milaim-zeka-ben-deklaraten-e-forte-tregon-kush-e-futi-kryedemokratin-ne-pd\/","title":{"rendered":"Basha apo Berisha, kush e fiton betej\u00ebn? Milaim Zeka b\u00ebn deklarat\u00ebn e fort\u00eb, tregon kush e futi kryedemokratin n\u00eb PD"},"content":{"rendered":"<p>Gazetari Milaim Zeka ka folur mbi konfliktin brenda PD-s\u00eb, duke deklaruar se si Sali Berisha ashtu edhe Lulzim Basha duhet t\u00eb largohen nga partia m\u00eb e madhe opozit\u00ebs.<\/p>\n<p>P\u00ebrballjen nd\u00ebrmjet Berish\u00ebs dhe Bash\u00ebs, ai e sheh si elefanti p\u00ebrball\u00eb nj\u00eb miu, duke shtuar se nuk ka shanse q\u00eb kryedemokrati t\u00eb fitoj\u00eb betej\u00ebn p\u00ebrball\u00eb \u201catit\u201d politik. Por ai shton se Berisha duhet ta pranoj\u00eb se Basha erdhi n\u00eb PD fal\u00eb mb\u00ebshtetjes s\u00eb vajz\u00ebs s\u00eb ish-kryeministrit, Argit\u00ebs.<\/p>\n<p><em>\u201cSali Berisha p\u00ebrball\u00eb Lulzim Bash\u00ebs \u00ebsht\u00eb sikur elefanti p\u00ebrball\u00eb nj\u00eb miu. Shanse teorike nuk ka ti mbijetoj\u00eb p\u00ebrball\u00eb Sali Berish\u00ebs, ka mb\u00ebshtetje n\u00eb Shqip\u00ebri dhe n\u00eb Kosov\u00eb. Ai n\u00eb karrier\u00ebn e tij ka b\u00ebr\u00eb edhe gj\u00ebra t\u00eb mira, \u00ebsht\u00eb fut n\u00eb NATO. Nj\u00eb merit\u00eb q\u00eb nuk ia harroj \u00ebsht\u00eb nd\u00ebrtimi i rrug\u00ebs s\u00eb Kombit. Nuk do ta b\u00ebnte p\u00ebrpos Sali Berish\u00ebs. Basha ka ardhur n\u00eb krye t\u00eb PD vet\u00ebm p\u00ebr miq\u00ebsin\u00eb e vajz\u00ebs Argit\u00ebs me t\u00eb. E Berisha i vjen zori ta pranoj\u00eb nj\u00eb gj\u00eb t\u00eb till\u00eb. Basha e ka shkat\u00ebrruar PD-n\u00eb me g\u00ebnjeshtrat e tij. N\u00eb raport me nd\u00ebrkomb\u00ebtar\u00ebt Basha gjithmon\u00eb e ka sfiduar Berish\u00ebn, e ka nj\u00eb tradit\u00eb t\u00eb till\u00eb, e ka nj\u00eb histori t\u00eb gj\u00ebra tilla, a ka qen\u00eb i lidhur me nd\u00ebrkomb\u00ebtar\u00ebt q\u00eb nga koha kur ka qen\u00eb i lidhur me UNMIK. Ai ka luajtur kart\u00ebn se avash-avash po e heq Berish\u00ebn, kur e ka kuptuar Berisha e ka reaguar. Basha po t\u00eb kishte moral njer\u00ebzor e politik do t\u00eb thoshte m\u00eb falni qytetar\u00eb t\u00eb republik\u00ebs\u201d<\/em>\u00a0nuk e marr k\u00ebt\u00eb vendim, tha Zeka.<\/p>\n<p>M\u00eb pas i theksoi se p\u00ebrball\u00eb k\u00ebrkes\u00ebs s\u00eb SHBA, Basha duhet t\u00eb deklaronte se \u201c<em>Un\u00eb jap dor\u00ebheqjen pasi nuk dal kund\u00ebr SHBA dhe kund\u00ebr babait politik q\u00eb m\u00eb ka ndihmuar politikisht dhe ekonomikisht. K\u00ebta dy njer\u00ebz e shkat\u00ebrruan PD dhe opozit\u00ebn i l\u00ebnduan mij\u00ebra e mij\u00ebra demokrat\u00eb, ia zgjat\u00ebn jet\u00ebn politike Edi Ram\u00ebs. SHBA nuk del kund\u00ebr vendimeve t\u00eb tyre, ne e dim\u00eb 98% e serb\u00ebve e kan\u00eb mb\u00ebshtetur vendimet e Miloshevi\u00e7it. Pra nuk t\u00ebrhiqen, k\u00ebt\u00eb duhet ta dij\u00eb Berisha. K\u00ebt\u00eb t\u00eb keqe ia kan\u00eb mbjell\u00eb k\u00ebshilltar\u00ebt e tij, mbase edhe ajo zonjusha Kokalari, e ardhur nga SHBA, nj\u00eb qytetare e thjesht\u00eb, edhe un\u00eb jam n\u00ebnshtetas suedez e nuk p\u00ebrfaq\u00ebsoj ask\u00ebnd\u201d,<\/em>\u00a0tha Zeka n\u00eb Breaking.<\/p>\n","protected":false},"excerpt":{"rendered":"<p>Gazetari Milaim Zeka ka folur mbi konfliktin brenda PD-s\u00eb, duke deklaruar se si Sali Berisha ashtu edhe Lulzim Basha duhet t\u00eb largohen nga partia m\u00eb e madhe opozit\u00ebs. P\u00ebrballjen nd\u00ebrmjet Berish\u00ebs dhe Bash\u00ebs, ai e sheh si elefanti p\u00ebrball\u00eb nj\u00eb miu, duke shtuar se nuk ka shanse q\u00eb kryedemokrati t\u00eb fitoj\u00eb betej\u00ebn p\u00ebrball\u00eb \u201catit\u201d politik. [&hellip;]<\/p>\n","protected":false},"author":2020,"featured_media":225852,"comment_status":"closed","ping_status":"closed","sticky":false,"template":"","format":"standard","meta":{"footnotes":""},"categories":[241,5380,231],"tags":[],"class_list":{"0":"post-225851","1":"post","2":"type-post","3":"status-publish","4":"format-standard","5":"has-post-thumbnail","7":"category-aktualitet","8":"category-kryesore","9":"category-lajme"},"_links":{"self":[{"href":"https:\/\/zjarr.tv\/sq\/wp-json\/wp\/v2\/posts\/225851","targetHints":{"allow":["GET"]}}],"collection":[{"href":"https:\/\/zjarr.tv\/sq\/wp-json\/wp\/v2\/posts"}],"about":[{"href":"https:\/\/zjarr.tv\/sq\/wp-json\/wp\/v2\/types\/post"}],"author":[{"embeddable":true,"href":"https:\/\/zjarr.tv\/sq\/wp-json\/wp\/v2\/users\/2020"}],"replies":[{"embeddable":true,"href":"https:\/\/zjarr.tv\/sq\/wp-json\/wp\/v2\/comments?post=225851"}],"version-history":[{"count":0,"href":"https:\/\/zjarr.tv\/sq\/wp-json\/wp\/v2\/posts\/225851\/revisions"}],"wp:featuredmedia":[{"embeddable":true,"href":"https:\/\/zjarr.tv\/sq\/wp-json\/wp\/v2\/media\/225852"}],"wp:attachment":[{"href":"https:\/\/zjarr.tv\/sq\/wp-json\/wp\/v2\/media?parent=225851"}],"wp:term":[{"taxonomy":"category","embeddable":true,"href":"https:\/\/zjarr.tv\/sq\/wp-json\/wp\/v2\/categories?post=225851"},{"taxonomy":"post_tag","embeddable":true,"href":"https:\/\/zjarr.tv\/sq\/wp-json\/wp\/v2\/tags?post=225851"}],"curies":[{"name":"wp","href":"https:\/\/api.w.org\/{rel}","templated":true}]}}