{"id":225855,"date":"2021-12-21T12:09:24","date_gmt":"2021-12-21T11:09:24","guid":{"rendered":"https:\/\/zjarr.tv\/?p=225855"},"modified":"2021-12-21T12:09:24","modified_gmt":"2021-12-21T11:09:24","slug":"gaz-bardhi-i-lexoi-emrin-delegati-i-pergjigjet-ne-facebook-une-kam-qene-vetem-ne-kuvendin-per-shkarkimin-e-lulzim-bashes","status":"publish","type":"post","link":"https:\/\/zjarr.tv\/sq\/gaz-bardhi-i-lexoi-emrin-delegati-i-pergjigjet-ne-facebook-une-kam-qene-vetem-ne-kuvendin-per-shkarkimin-e-lulzim-bashes\/","title":{"rendered":"Gaz Bardhi i lexoi emrin, delegati i p\u00ebrgjigjet n\u00eb Facebook: Un\u00eb kam qen\u00eb vet\u00ebm n\u00eb Kuvendin p\u00ebr shkarkimin e Lulzim Bash\u00ebs"},"content":{"rendered":"<p>Sekretari i P\u00ebrgjithsh\u00ebm i PD Gazment Bardhi, lexoi dje emrat e delegat\u00ebve pjes\u00ebmarr\u00ebs n\u00eb takimin e 18 dhjetorit n\u00eb Pallatin e Kongreseve, shkruan newsbomb.al. Mir\u00ebpo disa or\u00eb pas konferenc\u00ebs s\u00eb Bardhit ka ardhur dhe p\u00ebrg\u00ebnjeshtrimi i par\u00eb. Ilir Dervishi, delegat i PD thot\u00eb se nuk ka marr\u00eb pjes\u00eb n\u00eb Kuvendin e 18 dhjetorit si\u00e7 pohoi sot Bardhi, por ka marr\u00eb pjes\u00eb n\u00eb at\u00eb t\u00eb 11 dhjetorit t\u00eb thirrur nga Sali Berisha, p\u00ebr shkarkimin e kryetarit aktual t\u00eb Partis\u00eb, Lulzim Basha.<\/p>\n<p>Postimi i plot\u00eb i Ilir Dervishit:<\/p>\n<p>Sqarim p\u00ebr demokrat\u00ebt e Kruj\u00ebs dhe t\u00eb gjith\u00eb miqt\u00eb e mi..! Sot nga selia e Partis\u00eb Demokratike m\u00eb \u00ebsht\u00eb p\u00ebrmendur emri nga dy deputet\u00eb si pjes\u00ebmarr\u00ebs n\u00eb mitingun e dat\u00ebs 18 dhjetor.<\/p>\n<p>Dua t\u00eb sqaroj se un\u00eb kam marr\u00eb pjes\u00eb n\u00eb t\u00eb vetmin kuvend legjitim, at\u00eb t\u00eb 11 dhjetorit i thirrur nga delegat\u00ebt, dhe me 18 dhjetor kam qen\u00eb pjes\u00eb e pro\u00e7esit t\u00eb referendumit n\u00eb grupin e pun\u00ebs s\u00eb deg\u00ebs s\u00eb Kruj\u00ebs.<\/p>\n<p>Ngjashm\u00ebria ime e emrit me nj\u00eb funksionar tjet\u00ebr t\u00eb PD nuk ka t\u00eb b\u00ebj\u00eb me mua si individ, dhe dua t\u00eb p\u00ebrg\u00ebnj\u00ebshtroj p\u00ebrdorimin e emrit tim, p\u00ebrkushtimi im \u00ebsht\u00eb n\u00eb zbatim t\u00eb vullnetit t\u00eb demokrat\u00ebve krutan\u00eb dhe shqiptar\u00eb p\u00ebr nj\u00eb PD: #M\u00ebT\u00ebBashkuar #M\u00ebT\u00ebFort\u00eb #M\u00ebT\u00ebHapur<\/p>\n","protected":false},"excerpt":{"rendered":"<p>Sekretari i P\u00ebrgjithsh\u00ebm i PD Gazment Bardhi, lexoi dje emrat e delegat\u00ebve pjes\u00ebmarr\u00ebs n\u00eb takimin e 18 dhjetorit n\u00eb Pallatin e Kongreseve, shkruan newsbomb.al. Mir\u00ebpo disa or\u00eb pas konferenc\u00ebs s\u00eb Bardhit ka ardhur dhe p\u00ebrg\u00ebnjeshtrimi i par\u00eb. Ilir Dervishi, delegat i PD thot\u00eb se nuk ka marr\u00eb pjes\u00eb n\u00eb Kuvendin e 18 dhjetorit si\u00e7 pohoi [&hellip;]<\/p>\n","protected":false},"author":2030,"featured_media":225856,"comment_status":"closed","ping_status":"closed","sticky":false,"template":"","format":"standard","meta":{"footnotes":""},"categories":[241,3366,1454],"tags":[],"class_list":{"0":"post-225855","1":"post","2":"type-post","3":"status-publish","4":"format-standard","5":"has-post-thumbnail","7":"category-aktualitet","8":"category-koment","9":"category-politike"},"_links":{"self":[{"href":"https:\/\/zjarr.tv\/sq\/wp-json\/wp\/v2\/posts\/225855","targetHints":{"allow":["GET"]}}],"collection":[{"href":"https:\/\/zjarr.tv\/sq\/wp-json\/wp\/v2\/posts"}],"about":[{"href":"https:\/\/zjarr.tv\/sq\/wp-json\/wp\/v2\/types\/post"}],"author":[{"embeddable":true,"href":"https:\/\/zjarr.tv\/sq\/wp-json\/wp\/v2\/users\/2030"}],"replies":[{"embeddable":true,"href":"https:\/\/zjarr.tv\/sq\/wp-json\/wp\/v2\/comments?post=225855"}],"version-history":[{"count":0,"href":"https:\/\/zjarr.tv\/sq\/wp-json\/wp\/v2\/posts\/225855\/revisions"}],"wp:featuredmedia":[{"embeddable":true,"href":"https:\/\/zjarr.tv\/sq\/wp-json\/wp\/v2\/media\/225856"}],"wp:attachment":[{"href":"https:\/\/zjarr.tv\/sq\/wp-json\/wp\/v2\/media?parent=225855"}],"wp:term":[{"taxonomy":"category","embeddable":true,"href":"https:\/\/zjarr.tv\/sq\/wp-json\/wp\/v2\/categories?post=225855"},{"taxonomy":"post_tag","embeddable":true,"href":"https:\/\/zjarr.tv\/sq\/wp-json\/wp\/v2\/tags?post=225855"}],"curies":[{"name":"wp","href":"https:\/\/api.w.org\/{rel}","templated":true}]}}