{"id":225859,"date":"2021-12-21T12:11:04","date_gmt":"2021-12-21T11:11:04","guid":{"rendered":"https:\/\/zjarr.tv\/?p=225859"},"modified":"2021-12-21T12:11:04","modified_gmt":"2021-12-21T11:11:04","slug":"kikia-berisha-sot-e-mori-nje-mesim-tani-duhet-te-zere-mend-e-te-beje-ate-qe-ka-premtuar","status":"publish","type":"post","link":"https:\/\/zjarr.tv\/sq\/kikia-berisha-sot-e-mori-nje-mesim-tani-duhet-te-zere-mend-e-te-beje-ate-qe-ka-premtuar\/","title":{"rendered":"Kikia: \u201cBerisha sot e mori nj\u00eb m\u00ebsim. Tani duhet t\u00eb z\u00ebr\u00eb mend, e t\u00eb b\u00ebj\u00eb at\u00eb q\u00eb ka premtuar\u2026\u201d"},"content":{"rendered":"<p>Gazetari dhe analisti Mentor Kikia komenton protest\u00ebn e sotshme n\u00eb Tiran\u00eb dhe pjes\u00ebmarrjen n\u00eb t\u00eb. Ai thot\u00eb se ish-kryeministri Sali Berisha e ka marr\u00eb sot nj\u00eb m\u00ebsim, duke iu referuar numrit t\u00eb ul\u00ebt t\u00eb qytetar\u00ebve q\u00eb ishin t\u00eb pranish\u00ebm.<\/p>\n<p>Shkruan Mentor Kikia<\/p>\n<p>Shqiptar\u00ebt jan\u00eb lodhur me mitingje. Duan veprime, jo fjalime! Shqiptar\u00ebt nuk kan\u00eb m\u00eb as nerva, as koh\u00eb, as energji, e as besim t\u00eb ndjekin politikan\u00ebt n\u00ebp\u00ebr mitingje e protesta, sado ti mb\u00ebshtesin ata. Iku ajo koh\u00eb kush mbushin sheshet me dhjetra mij\u00ebra, si turma p\u00ebr t\u00eb krijuar dekorin e partive.<\/p>\n<p>Jan\u00eb lodhur, mashtruar, p\u00ebrdorur e shp\u00ebrdorur, jan\u00eb v\u00ebn\u00eb n\u00eb rresht si delet, me lista nga drejtor\u00ebt, t\u00eb joshur me tollona nafte e t\u00eb fyer me sandui\u00e7\u00eb n\u00ebp\u00ebr autobuza. Protesta nuk \u00ebsht\u00eb m\u00eb nj\u00eb mjet efikas i luft\u00ebs politike. Nuk ka m\u00eb nevoj\u00eb tu b\u00ebrtas\u00ebsh njer\u00ebzve n\u00eb sheshe p\u00ebr t\u00eb p\u00ebrcjell\u00eb idet\u00eb dhe platformat. Ka nj\u00eb mij\u00eb m\u00ebnyra te tjera.<\/p>\n<p>Shqiptar\u00ebt tani duan t\u00eb shikojn\u00eb veprime konkrete. Berisha nuk do t\u00eb mbledh\u00eb kurr\u00eb m\u00eb shum\u00eb se kaq njer\u00ebz n\u00eb mitingje. Edhe p\u00ebrdorimi i nacionalizm\u00ebs dhe Vu\u00e7i\u00e7it, nuk prodhoi asgj\u00eb m\u00eb shum\u00eb. Forca e nj\u00eb lideri nuk tregohet m\u00eb sesa njer\u00ebz mbledh n\u00eb miting, por se \u00e7far\u00eb do t\u00eb b\u00ebj\u00eb realisht. Nuk \u00ebsht\u00eb m\u00eb viti 1992, kur turmat histerike dhe shpres\u00ebm\u00ebdha mbushin sheshet n\u00eb \u00e7do cep t\u00eb vendit.<\/p>\n<p>Berisha sot e mori nj\u00eb m\u00ebsim. Tani duhet t\u00eb z\u00ebr\u00eb mend, e t\u00eb b\u00ebj\u00eb at\u00eb q\u00eb ka premtuar, me demokratizimin e partis\u00eb(t\u00eb pakt\u00ebn me pjes\u00ebn e tij), fushat\u00eb t\u00eb lir\u00eb, alternativa, votim\u2026 ndryshe do t\u00eb mb\u00ebtet vet\u00ebm me rojet n\u00eb bulevard.<\/p>\n","protected":false},"excerpt":{"rendered":"<p>Gazetari dhe analisti Mentor Kikia komenton protest\u00ebn e sotshme n\u00eb Tiran\u00eb dhe pjes\u00ebmarrjen n\u00eb t\u00eb. Ai thot\u00eb se ish-kryeministri Sali Berisha e ka marr\u00eb sot nj\u00eb m\u00ebsim, duke iu referuar numrit t\u00eb ul\u00ebt t\u00eb qytetar\u00ebve q\u00eb ishin t\u00eb pranish\u00ebm. Shkruan Mentor Kikia Shqiptar\u00ebt jan\u00eb lodhur me mitingje. Duan veprime, jo fjalime! Shqiptar\u00ebt nuk kan\u00eb m\u00eb [&hellip;]<\/p>\n","protected":false},"author":2030,"featured_media":180209,"comment_status":"closed","ping_status":"closed","sticky":false,"template":"","format":"standard","meta":{"footnotes":""},"categories":[241,5380,1454],"tags":[],"class_list":{"0":"post-225859","1":"post","2":"type-post","3":"status-publish","4":"format-standard","5":"has-post-thumbnail","7":"category-aktualitet","8":"category-kryesore","9":"category-politike"},"_links":{"self":[{"href":"https:\/\/zjarr.tv\/sq\/wp-json\/wp\/v2\/posts\/225859","targetHints":{"allow":["GET"]}}],"collection":[{"href":"https:\/\/zjarr.tv\/sq\/wp-json\/wp\/v2\/posts"}],"about":[{"href":"https:\/\/zjarr.tv\/sq\/wp-json\/wp\/v2\/types\/post"}],"author":[{"embeddable":true,"href":"https:\/\/zjarr.tv\/sq\/wp-json\/wp\/v2\/users\/2030"}],"replies":[{"embeddable":true,"href":"https:\/\/zjarr.tv\/sq\/wp-json\/wp\/v2\/comments?post=225859"}],"version-history":[{"count":0,"href":"https:\/\/zjarr.tv\/sq\/wp-json\/wp\/v2\/posts\/225859\/revisions"}],"wp:featuredmedia":[{"embeddable":true,"href":"https:\/\/zjarr.tv\/sq\/wp-json\/wp\/v2\/media\/180209"}],"wp:attachment":[{"href":"https:\/\/zjarr.tv\/sq\/wp-json\/wp\/v2\/media?parent=225859"}],"wp:term":[{"taxonomy":"category","embeddable":true,"href":"https:\/\/zjarr.tv\/sq\/wp-json\/wp\/v2\/categories?post=225859"},{"taxonomy":"post_tag","embeddable":true,"href":"https:\/\/zjarr.tv\/sq\/wp-json\/wp\/v2\/tags?post=225859"}],"curies":[{"name":"wp","href":"https:\/\/api.w.org\/{rel}","templated":true}]}}