{"id":225864,"date":"2021-12-21T12:12:29","date_gmt":"2021-12-21T11:12:29","guid":{"rendered":"https:\/\/zjarr.tv\/?p=225864"},"modified":"2021-12-21T12:12:29","modified_gmt":"2021-12-21T11:12:29","slug":"dogjen-flamurin-e-serbise-policia-e-tiranes-arreston-2-persona-dhe-procedon-6-te-mitur","status":"publish","type":"post","link":"https:\/\/zjarr.tv\/sq\/dogjen-flamurin-e-serbise-policia-e-tiranes-arreston-2-persona-dhe-procedon-6-te-mitur\/","title":{"rendered":"Dogj\u00ebn flamurin e Serbis\u00eb, policia e Tiran\u00ebs arreston 2 persona dhe procedon 6 t\u00eb mitur"},"content":{"rendered":"<p>Policia e Tiran\u00ebs ka arrestuar 2 protestues pas tubimit t\u00eb thirrur nga Sali Berisha kund\u00ebr vizit\u00ebs s\u00eb Presidentit serb Aleksand\u00ebr Vu\u00e7i\u00e7 n\u00eb Tiran\u00eb, si dhe jan\u00eb proceduar penalisht 6 t\u00eb tjer\u00eb. B\u00ebhet me dije se n\u00eb pranga kan\u00eb r\u00ebn\u00eb shtetasit Astrit Cara, 41 vje\u00e7, banues n\u00eb Tiran\u00eb dhe Besnik Balani, 56 vje\u00e7, banues n\u00eb Kruj\u00eb.<\/p>\n<p>Gjithashtu u proceduan penalisht n\u00eb gjendje t\u00eb lir\u00eb 6 shtetas t\u00eb mitur t\u00eb mosh\u00ebs 15 e 16 vje\u00e7, banues n\u00eb Tiran\u00eb dhe n\u00eb Durr\u00ebs. K\u00ebta shtetas, gjat\u00eb zhvillimit t\u00eb protest\u00ebs pasditen e djeshme, n\u00eb bulevardin \u201cD\u00ebshmor\u00ebt e Kombit\u201d, para Kryeministris\u00eb, kan\u00eb djegur kat\u00ebr flamuj komb\u00ebtar t\u00eb Serbis\u00eb.<\/p>\n<p>Njoftimi i policis\u00eb:<\/p>\n<p>Tiran\u00eb\/Dogj\u00ebn 4 flamuj komb\u00ebtar t\u00eb Serbis\u00eb, vihen n\u00eb pranga 2 shtetas, procedohen penalisht n\u00eb gjendje t\u00eb lir\u00eb 6 t\u00eb tjer\u00eb. Strukturat e Policis\u00eb s\u00eb Shtetit, pas provave t\u00eb grumbulluara, b\u00ebn\u00eb kapjen dhe shoq\u00ebrimin e 8 personave q\u00eb u p\u00ebrfshin\u00eb n\u00eb veprimtari t\u00eb kund\u00ebrligjshme gjat\u00eb zhvillimit t\u00eb protest\u00ebs n\u00eb bulevardin \u201cD\u00ebshmor\u00ebt e Kombit\u201d.<\/p>\n<p>N\u00eb p\u00ebrfundim t\u00eb veprimeve t\u00eb kryera nga strukturat hetimore t\u00eb Policis\u00eb u b\u00eb arrestimi n\u00eb flagranc\u00eb i shtetasve:\u00a0 A. C., 41 vje\u00e7, banues n\u00eb Tiran\u00eb dhe B. B., 56 vje\u00e7, banues n\u00eb Kruj\u00eb.<\/p>\n<p>Gjithashtu u proceduan penalisht n\u00eb gjendje t\u00eb lir\u00eb 6 shtetas t\u00eb mitur t\u00eb mosh\u00ebs 15 e 16 vje\u00e7, banues n\u00eb Tiran\u00eb dhe n\u00eb Durr\u00ebs. K\u00ebta shtetas, gjat\u00eb zhvillimit t\u00eb protest\u00ebs pasditen e djeshme, n\u00eb bulevardin \u201cD\u00ebshmor\u00ebt e Kombit\u201d, para Kryeministris\u00eb, kan\u00eb djegur kat\u00ebr flamuj komb\u00ebtar t\u00eb Serbis\u00eb. Materialet procedurale u referuan n\u00eb Prokuroris\u00eb pran\u00eb Gjykat\u00ebs s\u00eb Shkall\u00ebs s\u00eb Par\u00eb Tiran\u00eb, p\u00ebr veprime t\u00eb m\u00ebtejshme, p\u00ebr veprat penale \u201cNxitja e urrejtjes ose grindjeve\u201d dhe \u201cPosht\u00ebrimi i Republik\u00ebs dhe i simboleve t\u00eb saj\u201d.<\/p>\n","protected":false},"excerpt":{"rendered":"<p>Policia e Tiran\u00ebs ka arrestuar 2 protestues pas tubimit t\u00eb thirrur nga Sali Berisha kund\u00ebr vizit\u00ebs s\u00eb Presidentit serb Aleksand\u00ebr Vu\u00e7i\u00e7 n\u00eb Tiran\u00eb, si dhe jan\u00eb proceduar penalisht 6 t\u00eb tjer\u00eb. B\u00ebhet me dije se n\u00eb pranga kan\u00eb r\u00ebn\u00eb shtetasit Astrit Cara, 41 vje\u00e7, banues n\u00eb Tiran\u00eb dhe Besnik Balani, 56 vje\u00e7, banues n\u00eb Kruj\u00eb. [&hellip;]<\/p>\n","protected":false},"author":2030,"featured_media":225678,"comment_status":"closed","ping_status":"closed","sticky":false,"template":"","format":"standard","meta":{"footnotes":""},"categories":[241],"tags":[],"class_list":{"0":"post-225864","1":"post","2":"type-post","3":"status-publish","4":"format-standard","5":"has-post-thumbnail","7":"category-aktualitet"},"_links":{"self":[{"href":"https:\/\/zjarr.tv\/sq\/wp-json\/wp\/v2\/posts\/225864","targetHints":{"allow":["GET"]}}],"collection":[{"href":"https:\/\/zjarr.tv\/sq\/wp-json\/wp\/v2\/posts"}],"about":[{"href":"https:\/\/zjarr.tv\/sq\/wp-json\/wp\/v2\/types\/post"}],"author":[{"embeddable":true,"href":"https:\/\/zjarr.tv\/sq\/wp-json\/wp\/v2\/users\/2030"}],"replies":[{"embeddable":true,"href":"https:\/\/zjarr.tv\/sq\/wp-json\/wp\/v2\/comments?post=225864"}],"version-history":[{"count":0,"href":"https:\/\/zjarr.tv\/sq\/wp-json\/wp\/v2\/posts\/225864\/revisions"}],"wp:featuredmedia":[{"embeddable":true,"href":"https:\/\/zjarr.tv\/sq\/wp-json\/wp\/v2\/media\/225678"}],"wp:attachment":[{"href":"https:\/\/zjarr.tv\/sq\/wp-json\/wp\/v2\/media?parent=225864"}],"wp:term":[{"taxonomy":"category","embeddable":true,"href":"https:\/\/zjarr.tv\/sq\/wp-json\/wp\/v2\/categories?post=225864"},{"taxonomy":"post_tag","embeddable":true,"href":"https:\/\/zjarr.tv\/sq\/wp-json\/wp\/v2\/tags?post=225864"}],"curies":[{"name":"wp","href":"https:\/\/api.w.org\/{rel}","templated":true}]}}