{"id":225874,"date":"2021-12-21T12:25:28","date_gmt":"2021-12-21T11:25:28","guid":{"rendered":"https:\/\/zjarr.tv\/?p=225874"},"modified":"2021-12-21T12:25:28","modified_gmt":"2021-12-21T11:25:28","slug":"nisma-ballkani-i-hapur-nenshkruhen-5-marreveshjet-mes-shqiperise-serbise-dhe-maqedonise-se-veriut","status":"publish","type":"post","link":"https:\/\/zjarr.tv\/sq\/nisma-ballkani-i-hapur-nenshkruhen-5-marreveshjet-mes-shqiperise-serbise-dhe-maqedonise-se-veriut\/","title":{"rendered":"Nisma \u201cBallkani i Hapur\u201d, n\u00ebnshkruhen 5 marr\u00ebveshjet mes Shqip\u00ebris\u00eb, Serbis\u00eb dhe Maqedonis\u00eb s\u00eb Veriut"},"content":{"rendered":"<p>N\u00eb kuad\u00ebr t\u00eb nism\u00ebs \u201cBallkani i Hapur\u201d, finalizohet marr\u00ebveshjeve mes Shqip\u00ebris\u00eb, Serbis\u00eb dhe Maqedonis\u00eb s\u00eb Veriut.<\/p>\n<p>N\u00eb pallatin e Brigadave n\u00eb Tiran\u00eb marr\u00ebveshjet jan\u00eb firmosur nga Kryeministri Edi Rama, ai i Maqedonis\u00eb s\u00eb Veriut Zoran Zaev dhe Presidenti i Serbis\u00eb Aleksand\u00ebr Vu\u00e7i\u00e7. 5 marr\u00ebveshje lidhen me l\u00ebvizjen e lir\u00eb t\u00eb pun\u00ebtor\u00ebve, leht\u00ebsira kufitare p\u00ebr identifikimin e udh\u00ebtar\u00ebve, sigurin\u00eb ushqimore t\u00eb mallrave q\u00eb shk\u00ebmbejn\u00eb mes tyre.<\/p>\n<p><strong>K\u00ebto jan\u00eb 5 marr\u00ebveshjet e n\u00ebnshkruara:<\/strong><br \/>\n1. Marr\u00ebveshje mbi kushtet p\u00ebr l\u00ebvizjen e lir\u00eb n\u00eb tregun e pun\u00ebs n\u00eb Ballkanin Per\u00ebndimor<br \/>\nNiveli i Firm\u00ebtar\u00ebve: Lider\u00ebt<\/p>\n<p>2. Marr\u00ebveshje p\u00ebr interkoneksionin e skemave p\u00ebr identifikim elektronik t\u00eb qytetar\u00ebve t\u00eb Ballkanit Per\u00ebndimor. Niveli i firm\u00ebtar\u00ebve: Lider\u00ebt<\/p>\n<p>3. Marreveshje mbi bashk\u00ebpunimin n\u00eb fush\u00ebn e veterinaris\u00eb, ushqimin dhe sigurin\u00eb ushqimore dhe kushtet fitosanitare n\u00eb Ballkanin Per\u00ebndimor. Niveli i Firm\u00ebtar\u00ebve: Ministri i Bujq\u00ebsis\u00eb<\/p>\n<p>4. Marr\u00ebveshje mes qeveris\u00eb s\u00eb Republik\u00ebs s\u00eb Serbis\u00eb dhe K\u00ebshillit t\u00eb Ministrave t\u00eb Republik\u00ebs s\u00eb Shqip\u00ebris\u00eb n\u00eb njohjen e p\u00ebrbashk\u00ebt t\u00eb operimeve ekonomike mes vendeve- siguria dhe autorizimet e siguris\u00eb(AEOS) Niveli i Firm\u00ebtar\u00ebve: Ministri i Ekonomis\u00eb dhe Financave<\/p>\n<p>5. Marreveshje mes qeveris\u00eb s\u00eb Republik\u00ebs s\u00eb Maqedonis\u00eb s\u00eb Veriut dhe K\u00ebshillit t\u00eb Ministrave t\u00eb Shqip\u00ebris\u00eb n\u00eb njohjen e p\u00ebrbashk\u00ebt t\u00eb operimeve ekonomike mes vendeve- siguria dhe autorizimet e siguris\u00eb(AEOS) Niveli i Firm\u00ebtar\u00ebve: Ministri i Ekonomis\u00eb dhe Financave<\/p>\n","protected":false},"excerpt":{"rendered":"<p>N\u00eb kuad\u00ebr t\u00eb nism\u00ebs \u201cBallkani i Hapur\u201d, finalizohet marr\u00ebveshjeve mes Shqip\u00ebris\u00eb, Serbis\u00eb dhe Maqedonis\u00eb s\u00eb Veriut. N\u00eb pallatin e Brigadave n\u00eb Tiran\u00eb marr\u00ebveshjet jan\u00eb firmosur nga Kryeministri Edi Rama, ai i Maqedonis\u00eb s\u00eb Veriut Zoran Zaev dhe Presidenti i Serbis\u00eb Aleksand\u00ebr Vu\u00e7i\u00e7. 5 marr\u00ebveshje lidhen me l\u00ebvizjen e lir\u00eb t\u00eb pun\u00ebtor\u00ebve, leht\u00ebsira kufitare p\u00ebr identifikimin [&hellip;]<\/p>\n","protected":false},"author":2020,"featured_media":225875,"comment_status":"closed","ping_status":"closed","sticky":false,"template":"","format":"standard","meta":{"footnotes":""},"categories":[241,5380,231],"tags":[],"class_list":{"0":"post-225874","1":"post","2":"type-post","3":"status-publish","4":"format-standard","5":"has-post-thumbnail","7":"category-aktualitet","8":"category-kryesore","9":"category-lajme"},"_links":{"self":[{"href":"https:\/\/zjarr.tv\/sq\/wp-json\/wp\/v2\/posts\/225874","targetHints":{"allow":["GET"]}}],"collection":[{"href":"https:\/\/zjarr.tv\/sq\/wp-json\/wp\/v2\/posts"}],"about":[{"href":"https:\/\/zjarr.tv\/sq\/wp-json\/wp\/v2\/types\/post"}],"author":[{"embeddable":true,"href":"https:\/\/zjarr.tv\/sq\/wp-json\/wp\/v2\/users\/2020"}],"replies":[{"embeddable":true,"href":"https:\/\/zjarr.tv\/sq\/wp-json\/wp\/v2\/comments?post=225874"}],"version-history":[{"count":0,"href":"https:\/\/zjarr.tv\/sq\/wp-json\/wp\/v2\/posts\/225874\/revisions"}],"wp:featuredmedia":[{"embeddable":true,"href":"https:\/\/zjarr.tv\/sq\/wp-json\/wp\/v2\/media\/225875"}],"wp:attachment":[{"href":"https:\/\/zjarr.tv\/sq\/wp-json\/wp\/v2\/media?parent=225874"}],"wp:term":[{"taxonomy":"category","embeddable":true,"href":"https:\/\/zjarr.tv\/sq\/wp-json\/wp\/v2\/categories?post=225874"},{"taxonomy":"post_tag","embeddable":true,"href":"https:\/\/zjarr.tv\/sq\/wp-json\/wp\/v2\/tags?post=225874"}],"curies":[{"name":"wp","href":"https:\/\/api.w.org\/{rel}","templated":true}]}}